{"id":6024,"date":"2024-08-14T16:58:01","date_gmt":"2024-08-14T19:58:01","guid":{"rendered":"https:\/\/partediario.com.ar\/?p=6024"},"modified":"2024-08-14T16:58:02","modified_gmt":"2024-08-14T19:58:02","slug":"se-aprobaron-los-costos-de-conexion-de-luz-para-los-usuarios-que-generan-su-propia-energia-electrica","status":"publish","type":"post","link":"https:\/\/partediario.com.ar\/?p=6024","title":{"rendered":"Se aprobaron los costos de conexi\u00f3n de luz para los usuarios que generan su propia energ\u00eda el\u00e9ctrica"},"content":{"rendered":"\n<h3 class=\"wp-block-heading\">El decreto se public\u00f3 en el Bolet\u00edn Oficial, establece y aprueba los costos que deber\u00e1n abonar que los usuarios que producen su propia energ\u00eda para conectarse a la red el\u00e9ctrica en la provincia de Entre R\u00edos.<\/h3>\n\n\n\n<p>En el Bolet\u00edn Oficial de la Provincia de Entre R\u00edos Nro. 27.911, con fecha del martes 13 de agosto de 2024 se public\u00f3 la resoluci\u00f3n N\u00ba167\/24 del Entre Provincial Regulador de la Energ\u00eda (EPRE) que establece y aprueba los costos que tendr\u00e1n que pagar los usuarios generadores (es decir, aquellos que producen su propia energ\u00eda, como en el caso de quienes tienen paneles solares) para conectarse a la red el\u00e9ctrica de la provincia. Estos costos var\u00edan de acuerdo a diferentes modalidades de conexi\u00f3n y est\u00e1n vigentes desde el 1 de agosto de 2024.<\/p>\n\n\n\n<p>El decreto indica algunas normas t\u00e9cnicas y legales que regulan c\u00f3mo deben hacerse las conexiones, como el uso de medidores adicionales para ciertos usuarios y la necesidad de tener un sistema de corte visible en la instalaci\u00f3n. Adem\u00e1s indica que los costos se calcular\u00e1n sumando una tasa de conexi\u00f3n y otros costos espec\u00edficos, como los del medidor de generaci\u00f3n.<\/p>\n\n\n\n<p>El tipo de usuario y el precio de la instalaci\u00f3n del generador:<\/p>\n\n\n\n<p>Usuario Tl-Monof\u00e1sico (Sin Medici\u00f3n Generador): $ 79.144,38<\/p>\n\n\n\n<p>Usuario Tl -Trif\u00e1sico (Sin Medici\u00f3n Generador): $ 189.999,12<\/p>\n\n\n\n<p>Usuario Tl-Monof\u00e1sico Rural (Sin Medici\u00f3n Generador): $ 95.358,38<\/p>\n\n\n\n<p>Usuario Tl-Trif\u00e1sico Rural (Sin Medici\u00f3n Generador): $206,213,12<\/p>\n\n\n\n<p>Usuario T2 y T3-Directo mayor de 10 kW hasta 50 kW (Con medici\u00f3n directa en generaci\u00f3n): $473.456,64.<\/p>\n","protected":false},"excerpt":{"rendered":"<p>El decreto se public&oacute; en el Bolet&iacute;n Oficial, establece y aprueba los costos que deber&aacute;n abonar que los usuarios que producen su propia energ&iacute;a para conectarse a la red el&eacute;ctrica en la provincia de Entre R&iacute;os. En el Bolet&iacute;n Oficial de la Provincia de Entre R&iacute;os Nro. 27.911, con fecha del martes 13 de agosto [&hellip;]<\/p>\n","protected":false},"author":2,"featured_media":6025,"comment_status":"open","ping_status":"open","sticky":false,"template":"","format":"standard","meta":{"footnotes":""},"categories":[8,726],"tags":[2581,2579,2582,257,2583],"class_list":["post-6024","post","type-post","status-publish","format-standard","has-post-thumbnail","hentry","category-provinciales","category-sociedad","tag-conexion","tag-costos","tag-energia-2","tag-entre-rios","tag-propia"],"_links":{"self":[{"href":"https:\/\/partediario.com.ar\/index.php?rest_route=\/wp\/v2\/posts\/6024","targetHints":{"allow":["GET"]}}],"collection":[{"href":"https:\/\/partediario.com.ar\/index.php?rest_route=\/wp\/v2\/posts"}],"about":[{"href":"https:\/\/partediario.com.ar\/index.php?rest_route=\/wp\/v2\/types\/post"}],"author":[{"embeddable":true,"href":"https:\/\/partediario.com.ar\/index.php?rest_route=\/wp\/v2\/users\/2"}],"replies":[{"embeddable":true,"href":"https:\/\/partediario.com.ar\/index.php?rest_route=%2Fwp%2Fv2%2Fcomments&post=6024"}],"version-history":[{"count":1,"href":"https:\/\/partediario.com.ar\/index.php?rest_route=\/wp\/v2\/posts\/6024\/revisions"}],"predecessor-version":[{"id":6026,"href":"https:\/\/partediario.com.ar\/index.php?rest_route=\/wp\/v2\/posts\/6024\/revisions\/6026"}],"wp:featuredmedia":[{"embeddable":true,"href":"https:\/\/partediario.com.ar\/index.php?rest_route=\/wp\/v2\/media\/6025"}],"wp:attachment":[{"href":"https:\/\/partediario.com.ar\/index.php?rest_route=%2Fwp%2Fv2%2Fmedia&parent=6024"}],"wp:term":[{"taxonomy":"category","embeddable":true,"href":"https:\/\/partediario.com.ar\/index.php?rest_route=%2Fwp%2Fv2%2Fcategories&post=6024"},{"taxonomy":"post_tag","embeddable":true,"href":"https:\/\/partediario.com.ar\/index.php?rest_route=%2Fwp%2Fv2%2Ftags&post=6024"}],"curies":[{"name":"wp","href":"https:\/\/api.w.org\/{rel}","templated":true}]}}