{"id":6059,"date":"2024-08-15T09:31:23","date_gmt":"2024-08-15T12:31:23","guid":{"rendered":"https:\/\/partediario.com.ar\/?p=6059"},"modified":"2024-08-15T09:40:21","modified_gmt":"2024-08-15T12:40:21","slug":"santa-elena-se-llevo-a-cabo-una-reunion-con-costera-trail","status":"publish","type":"post","link":"https:\/\/partediario.com.ar\/?p=6059","title":{"rendered":"Santa Elena: se llev\u00f3 a cabo una reuni\u00f3n con Costera Trail"},"content":{"rendered":"\n<h3 class=\"wp-block-heading\">La Directora de Turismo, junto a las \u00c1reas de Inspecci\u00f3n, AFIM, Coordinaci\u00f3n Deportes, Coordinaci\u00f3n de \u00c1reas y Personal de mantenimiento de espacios p\u00fablicos recibieron al equipo de Costera Trail. La reuni\u00f3n se llev\u00f3 a cabo en el edificio municipal.<\/h3>\n\n\n\n<p>La reuni\u00f3n tuvo como objetivo conversar sobre la realizaci\u00f3n del multitudinario y din\u00e1mico evento deportivo previsto para el 25 de agosto de este a\u00f1o, coordinando y ultimando detalles a esta nueva edici\u00f3n que congrega a cientos de participantes, se\u00f1alaron desde la Municipalidad.<\/p>\n\n\n\n<p><\/p>\n\n\n\n<figure class=\"wp-block-image size-large\"><img loading=\"lazy\" decoding=\"async\" width=\"1024\" height=\"576\" src=\"https:\/\/partediario.com.ar\/wp-content\/uploads\/455022676_911037091068047_2075342343423502402_n-1024x576.jpg\" alt=\"\" class=\"wp-image-6061\" srcset=\"https:\/\/partediario.com.ar\/wp-content\/uploads\/455022676_911037091068047_2075342343423502402_n-1024x576.jpg 1024w, https:\/\/partediario.com.ar\/wp-content\/uploads\/455022676_911037091068047_2075342343423502402_n-300x169.jpg 300w, https:\/\/partediario.com.ar\/wp-content\/uploads\/455022676_911037091068047_2075342343423502402_n-768x432.jpg 768w, https:\/\/partediario.com.ar\/wp-content\/uploads\/455022676_911037091068047_2075342343423502402_n-1536x864.jpg 1536w, https:\/\/partediario.com.ar\/wp-content\/uploads\/455022676_911037091068047_2075342343423502402_n.jpg 2048w\" sizes=\"auto, (max-width: 1024px) 100vw, 1024px\" \/><\/figure>\n\n\n\n<p><\/p>\n\n\n\n<p>Cabe se\u00f1alar que la traves\u00eda comprende distancias diferenciadas de trekking, participativa y competitivas.<\/p>\n\n\n\n<p>Con tu inscripci\u00f3n pod\u00e9s acceder adem\u00e1s, al kit necesario para el recorrido. En Facebook e Instagram, podes seguir las novedades a trav\u00e9s de las cuentas <a href=\"http:\/\/@costeratrail\">@costeratrail<\/a> y <a href=\"http:\/\/@costeratrailrunningsantaelena\">@costeratrailrunningsantaelena<\/a>.<\/p>\n\n\n\n<p><\/p>\n","protected":false},"excerpt":{"rendered":"<p>La Directora de Turismo, junto a las &Aacute;reas de Inspecci&oacute;n, AFIM, Coordinaci&oacute;n Deportes, Coordinaci&oacute;n de &Aacute;reas y Personal de mantenimiento de espacios p&uacute;blicos recibieron al equipo de Costera Trail. La reuni&oacute;n se llev&oacute; a cabo en el edificio municipal. La reuni&oacute;n tuvo como objetivo conversar sobre la realizaci&oacute;n del multitudinario y din&aacute;mico evento deportivo previsto [&hellip;]<\/p>\n","protected":false},"author":2,"featured_media":6062,"comment_status":"open","ping_status":"open","sticky":false,"template":"","format":"standard","meta":{"footnotes":""},"categories":[4,8],"tags":[2598,207],"class_list":["post-6059","post","type-post","status-publish","format-standard","has-post-thumbnail","hentry","category-deportes","category-provinciales","tag-costera-trail","tag-santa-elena"],"_links":{"self":[{"href":"https:\/\/partediario.com.ar\/index.php?rest_route=\/wp\/v2\/posts\/6059","targetHints":{"allow":["GET"]}}],"collection":[{"href":"https:\/\/partediario.com.ar\/index.php?rest_route=\/wp\/v2\/posts"}],"about":[{"href":"https:\/\/partediario.com.ar\/index.php?rest_route=\/wp\/v2\/types\/post"}],"author":[{"embeddable":true,"href":"https:\/\/partediario.com.ar\/index.php?rest_route=\/wp\/v2\/users\/2"}],"replies":[{"embeddable":true,"href":"https:\/\/partediario.com.ar\/index.php?rest_route=%2Fwp%2Fv2%2Fcomments&post=6059"}],"version-history":[{"count":2,"href":"https:\/\/partediario.com.ar\/index.php?rest_route=\/wp\/v2\/posts\/6059\/revisions"}],"predecessor-version":[{"id":6065,"href":"https:\/\/partediario.com.ar\/index.php?rest_route=\/wp\/v2\/posts\/6059\/revisions\/6065"}],"wp:featuredmedia":[{"embeddable":true,"href":"https:\/\/partediario.com.ar\/index.php?rest_route=\/wp\/v2\/media\/6062"}],"wp:attachment":[{"href":"https:\/\/partediario.com.ar\/index.php?rest_route=%2Fwp%2Fv2%2Fmedia&parent=6059"}],"wp:term":[{"taxonomy":"category","embeddable":true,"href":"https:\/\/partediario.com.ar\/index.php?rest_route=%2Fwp%2Fv2%2Fcategories&post=6059"},{"taxonomy":"post_tag","embeddable":true,"href":"https:\/\/partediario.com.ar\/index.php?rest_route=%2Fwp%2Fv2%2Ftags&post=6059"}],"curies":[{"name":"wp","href":"https:\/\/api.w.org\/{rel}","templated":true}]}}