{"id":6066,"date":"2024-08-15T09:47:58","date_gmt":"2024-08-15T12:47:58","guid":{"rendered":"https:\/\/partediario.com.ar\/?p=6066"},"modified":"2024-08-15T09:47:58","modified_gmt":"2024-08-15T12:47:58","slug":"destacan-en-entre-rios-la-buena-imagen-de-rogelio-frigerio-y-rosario-romero","status":"publish","type":"post","link":"https:\/\/partediario.com.ar\/?p=6066","title":{"rendered":"Destacan en Entre R\u00edos la buena imagen de Rogelio Frigerio y Rosario Romero"},"content":{"rendered":"\n<h3 class=\"wp-block-heading\">La titular de DC Consultora, An\u00edbal Urios, analiz\u00f3 los datos que arroj\u00f3 una encuesta realizada en Entre R\u00edos donde predominan las figuras de Javier Milei, Rogelio Frigerio y Rosario Romero.<\/h3>\n\n\n\n<p>En el \u00faltimo trabajo llevado a cabo en Entre R\u00edos, \u201cla imagen de Milei proyectada en la esperanza, la expectativa, la desilusi\u00f3n o la bronca, en preguntas como \u00bfpodr\u00e1 resolver la cuesti\u00f3n econ\u00f3mica de larga data en la Argentina?, y se reflejan pr\u00e1cticamente los mismos n\u00fameros en localidades peque\u00f1as y a nivel nacional, la expectativa es en todo lugar 73%; por lo cual es bueno poder lograr hacerlo en todos los lugares y ver si hay un hilo conductor en la opini\u00f3n p\u00fablica\u201d, se\u00f1al\u00f3 Urios.<\/p>\n\n\n\n<p>Traspolando eso a la pol\u00edtica, \u201cno hay oposici\u00f3n a nivel nacional ni provincial\u201d, con respecto a la figura de Milei. \u201cLos que tienen nivel de aprobaci\u00f3n a nivel provincial son alguien af\u00edn o alguien con una idea nueva, un outsider que termina en la pol\u00edtica y tiene de alguna manera la misma expectativa. En los partidos tradicionales hay un gran desgaste, no hay una proyecci\u00f3n igual a la que tiene el Presidente\u201d, indic\u00f3 a Radio La Voz.<\/p>\n\n\n\n<p>A nivel provincial \u201cRogelio Frigerio tiene muy buena imagen\u201d, siendo el mejor posicionado; mientras que Rosario Romero \u201ctiene buena imagen. Evidentemente hay cosas que la Intendenta de Paran\u00e1 est\u00e1 haciendo bien y que genera un v\u00ednculo positivo con la ciudadan\u00eda\u201d, detall\u00f3.<\/p>\n\n\n\n<p>Consultada sobre la imagen de Frigerio destac\u00f3: \u201cMe sorprendi\u00f3, porque en los tiempos que estamos, sacando a Javier Milei no hay nadie que tenga buenos n\u00fameros. Y tambi\u00e9n la Intendenta de Paran\u00e1. Me parece que estamos en una situaci\u00f3n en Entre R\u00edos donde hay dos personas que van a disputar lo que se viene en la provincia si siguen as\u00ed\u201d, expres\u00f3.<\/p>\n\n\n\n<p>Sobre el esc\u00e1ndalo de Alberto Fern\u00e1ndez y Fabiola Ya\u00f1ez, la mayor\u00eda de los consultados afirmaron no creerle a ninguno de los dos, con casi un 70%. \u201cParece que le est\u00e1n pasando factura vieja a Fabiola para decir no te creo. Me parece que es una pareja que la sociedad le tiene bronca de alguna manera. No estamos midiendo la violencia f\u00edsica, estamos hablando de ellos dos\u201d, se\u00f1al\u00f3.<\/p>\n\n\n\n<p>Consultaron adem\u00e1s si Cristina Fern\u00e1ndez de Kirchner puede despegarse o no de la figura de Alberto Fern\u00e1ndez. \u201cNo le fue bien en la presidencia y la exvicepresidenta todo el tiempo trataba de despegarse: ten\u00eda altas expectativas y no fue, cre\u00ed que iba a ser como N\u00e9stor y termin\u00f3 siendo como De la R\u00faa. La gente en un 80% se\u00f1al\u00f3 vos sos la culpable de Alberto, no te pod\u00e9s despegar de \u00e9l, y eso va a generar un impacto en el kirchnerismo, en el peronismo, en Cristina o en las tres\u201d, agreg\u00f3.<\/p>\n\n\n\n<p>Volviendo a la provincia precis\u00f3 como dato importante que \u201cest\u00e1n diciendo que se tienen que hacer cambios profundos en educaci\u00f3n, algo no anda bien. Y tienen miedo tambi\u00e9n a que Entre R\u00edos se transforme en Santa Fe. Un 80% te dice que podr\u00eda expandirse el narcotr\u00e1fico a Entre R\u00edos desde Santa Fe\u201d.<\/p>\n","protected":false},"excerpt":{"rendered":"<p>La titular de DC Consultora, An&iacute;bal Urios, analiz&oacute; los datos que arroj&oacute; una encuesta realizada en Entre R&iacute;os donde predominan las figuras de Javier Milei, Rogelio Frigerio y Rosario Romero. En el &uacute;ltimo trabajo llevado a cabo en Entre R&iacute;os, &ldquo;la imagen de Milei proyectada en la esperanza, la expectativa, la desilusi&oacute;n o la bronca, [&hellip;]<\/p>\n","protected":false},"author":2,"featured_media":6067,"comment_status":"open","ping_status":"open","sticky":false,"template":"","format":"standard","meta":{"footnotes":""},"categories":[176,8],"tags":[2599,257,245,242],"class_list":["post-6066","post","type-post","status-publish","format-standard","has-post-thumbnail","hentry","category-politica","category-provinciales","tag-consultora","tag-entre-rios","tag-rogelio-frigerio","tag-rosario-romero"],"_links":{"self":[{"href":"https:\/\/partediario.com.ar\/index.php?rest_route=\/wp\/v2\/posts\/6066","targetHints":{"allow":["GET"]}}],"collection":[{"href":"https:\/\/partediario.com.ar\/index.php?rest_route=\/wp\/v2\/posts"}],"about":[{"href":"https:\/\/partediario.com.ar\/index.php?rest_route=\/wp\/v2\/types\/post"}],"author":[{"embeddable":true,"href":"https:\/\/partediario.com.ar\/index.php?rest_route=\/wp\/v2\/users\/2"}],"replies":[{"embeddable":true,"href":"https:\/\/partediario.com.ar\/index.php?rest_route=%2Fwp%2Fv2%2Fcomments&post=6066"}],"version-history":[{"count":1,"href":"https:\/\/partediario.com.ar\/index.php?rest_route=\/wp\/v2\/posts\/6066\/revisions"}],"predecessor-version":[{"id":6068,"href":"https:\/\/partediario.com.ar\/index.php?rest_route=\/wp\/v2\/posts\/6066\/revisions\/6068"}],"wp:featuredmedia":[{"embeddable":true,"href":"https:\/\/partediario.com.ar\/index.php?rest_route=\/wp\/v2\/media\/6067"}],"wp:attachment":[{"href":"https:\/\/partediario.com.ar\/index.php?rest_route=%2Fwp%2Fv2%2Fmedia&parent=6066"}],"wp:term":[{"taxonomy":"category","embeddable":true,"href":"https:\/\/partediario.com.ar\/index.php?rest_route=%2Fwp%2Fv2%2Fcategories&post=6066"},{"taxonomy":"post_tag","embeddable":true,"href":"https:\/\/partediario.com.ar\/index.php?rest_route=%2Fwp%2Fv2%2Ftags&post=6066"}],"curies":[{"name":"wp","href":"https:\/\/api.w.org\/{rel}","templated":true}]}}