{"id":6069,"date":"2024-08-15T10:08:54","date_gmt":"2024-08-15T13:08:54","guid":{"rendered":"https:\/\/partediario.com.ar\/?p=6069"},"modified":"2024-08-15T10:08:55","modified_gmt":"2024-08-15T13:08:55","slug":"la-intendenta-rosario-romero-recibio-al-embajador-de-estados-unidos-marc-stanley","status":"publish","type":"post","link":"https:\/\/partediario.com.ar\/?p=6069","title":{"rendered":"La intendenta Rosario Romero recibi\u00f3 al embajador de Estados Unidos, Marc Stanley"},"content":{"rendered":"\n<h3 class=\"wp-block-heading\">Fue este martes en el marco de una visita institucional a Paran\u00e1 y la provincia de Entre R\u00edos. El diplom\u00e1tico recorri\u00f3 edificios que conforman el patrimonio hist\u00f3rico de la ciudad. Particip\u00f3 el viceintendente David C\u00e1ceres.<\/h3>\n\n\n\n<p>Durante el encuentro, abordaron una agenda vinculada a la historia y el acervo cultural de la ciudad.<\/p>\n\n\n\n<p>\u201cEl embajador Marc Stanley visit\u00f3 Entre R\u00edos y tuvo una reuni\u00f3n con el gobernador Rogelio Frigerio. Adem\u00e1s, junto al Viceintendente observamos los edificios hist\u00f3ricos, no solamente el Palacio Municipal, sino tambi\u00e9n la Escuela Normal, que fue la primera del pa\u00eds; y el Colegio Nuestra Se\u00f1ora del Huerto, sede del primer Senado del pa\u00eds, entre otros\u201d, resalt\u00f3 Romero. Y destac\u00f3 que \u201cse rescat\u00f3 la significaci\u00f3n del pronunciamiento de Urquiza contra Rosas, adem\u00e1s de dialogar sobre el rol de Paran\u00e1 en aquellos d\u00edas\u201d.<\/p>\n\n\n\n<p><\/p>\n\n\n\n<figure class=\"wp-block-image size-full\"><img loading=\"lazy\" decoding=\"async\" width=\"760\" height=\"427\" src=\"https:\/\/partediario.com.ar\/wp-content\/uploads\/a123cdb79a891c6a39e081b689d07fbf.jpg\" alt=\"\" class=\"wp-image-6070\" srcset=\"https:\/\/partediario.com.ar\/wp-content\/uploads\/a123cdb79a891c6a39e081b689d07fbf.jpg 760w, https:\/\/partediario.com.ar\/wp-content\/uploads\/a123cdb79a891c6a39e081b689d07fbf-300x169.jpg 300w\" sizes=\"auto, (max-width: 760px) 100vw, 760px\" \/><\/figure>\n\n\n\n<p><\/p>\n\n\n\n<p>En relaci\u00f3n a la llegada del diplom\u00e1tico estadounidense, el viceintendente David C\u00e1ceres consider\u00f3 que \u201ces sumamente importante para seguir trabajando en esa integraci\u00f3n en el mundo. Y que as\u00ed la ciudad y la Provincia puedan hacerse conocer y generar beneficios para nuestros vecinos y vecinas\u201d.<\/p>\n\n\n\n<p><\/p>\n\n\n\n<figure class=\"wp-block-embed is-type-video is-provider-youtube wp-block-embed-youtube wp-embed-aspect-16-9 wp-has-aspect-ratio\"><div class=\"wp-block-embed__wrapper\">\n<iframe loading=\"lazy\" title=\"La intendenta Rosario Romero recibi\u00f3 al embajador de Estados Unidos, Marc Stanley\" width=\"640\" height=\"360\" src=\"https:\/\/www.youtube.com\/embed\/ocq-Wa6gOR4?feature=oembed\" frameborder=\"0\" allow=\"accelerometer; autoplay; clipboard-write; encrypted-media; gyroscope; picture-in-picture; web-share\" referrerpolicy=\"strict-origin-when-cross-origin\" allowfullscreen><\/iframe>\n<\/div><\/figure>\n","protected":false},"excerpt":{"rendered":"<p>Fue este martes en el marco de una visita institucional a Paran&aacute; y la provincia de Entre R&iacute;os. El diplom&aacute;tico recorri&oacute; edificios que conforman el patrimonio hist&oacute;rico de la ciudad. Particip&oacute; el viceintendente David C&aacute;ceres. Durante el encuentro, abordaron una agenda vinculada a la historia y el acervo cultural de la ciudad. &ldquo;El embajador Marc [&hellip;]<\/p>\n","protected":false},"author":2,"featured_media":6071,"comment_status":"open","ping_status":"open","sticky":false,"template":"","format":"standard","meta":{"footnotes":""},"categories":[6,176],"tags":[453,257,2600,265,245,242],"class_list":["post-6069","post","type-post","status-publish","format-standard","has-post-thumbnail","hentry","category-locales","category-politica","tag-david-caceres","tag-entre-rios","tag-marc-stankey","tag-parana","tag-rogelio-frigerio","tag-rosario-romero"],"_links":{"self":[{"href":"https:\/\/partediario.com.ar\/index.php?rest_route=\/wp\/v2\/posts\/6069","targetHints":{"allow":["GET"]}}],"collection":[{"href":"https:\/\/partediario.com.ar\/index.php?rest_route=\/wp\/v2\/posts"}],"about":[{"href":"https:\/\/partediario.com.ar\/index.php?rest_route=\/wp\/v2\/types\/post"}],"author":[{"embeddable":true,"href":"https:\/\/partediario.com.ar\/index.php?rest_route=\/wp\/v2\/users\/2"}],"replies":[{"embeddable":true,"href":"https:\/\/partediario.com.ar\/index.php?rest_route=%2Fwp%2Fv2%2Fcomments&post=6069"}],"version-history":[{"count":1,"href":"https:\/\/partediario.com.ar\/index.php?rest_route=\/wp\/v2\/posts\/6069\/revisions"}],"predecessor-version":[{"id":6072,"href":"https:\/\/partediario.com.ar\/index.php?rest_route=\/wp\/v2\/posts\/6069\/revisions\/6072"}],"wp:featuredmedia":[{"embeddable":true,"href":"https:\/\/partediario.com.ar\/index.php?rest_route=\/wp\/v2\/media\/6071"}],"wp:attachment":[{"href":"https:\/\/partediario.com.ar\/index.php?rest_route=%2Fwp%2Fv2%2Fmedia&parent=6069"}],"wp:term":[{"taxonomy":"category","embeddable":true,"href":"https:\/\/partediario.com.ar\/index.php?rest_route=%2Fwp%2Fv2%2Fcategories&post=6069"},{"taxonomy":"post_tag","embeddable":true,"href":"https:\/\/partediario.com.ar\/index.php?rest_route=%2Fwp%2Fv2%2Ftags&post=6069"}],"curies":[{"name":"wp","href":"https:\/\/api.w.org\/{rel}","templated":true}]}}