{"id":6073,"date":"2024-08-15T10:20:08","date_gmt":"2024-08-15T13:20:08","guid":{"rendered":"https:\/\/partediario.com.ar\/?p=6073"},"modified":"2024-08-15T10:20:09","modified_gmt":"2024-08-15T13:20:09","slug":"frigerio-abrira-el-acto-en-la-cumbre-del-pro-en-parana","status":"publish","type":"post","link":"https:\/\/partediario.com.ar\/?p=6073","title":{"rendered":"Frigerio abrir\u00e1 el acto en la cumbre del PRO en Paran\u00e1"},"content":{"rendered":"\n<h3 class=\"wp-block-heading\">El encuentro ser\u00e1 el 29 de agosto, y se relanzar\u00e1 la Fundaci\u00f3n Pensar. El PRO adem\u00e1s prepara otra actividad para impulsar al partido en la provincia de Buenos Aires y trabaja en una escuela de formaci\u00f3n de dirigentes j\u00f3venes.<\/h3>\n\n\n\n<p>Mauricio Macri protagoniza un un encuentro con gobernadores y con los principales dirigentes de su fuerza pol\u00edtica. Ser\u00e1 el 29 de agosto, cuando Mar\u00eda Eugenia Vidal encabece el relanzamiento de la Fundaci\u00f3n Pensar, que se realizar\u00e1 en Entre R\u00edos. El encuentro contar\u00e1 con distintos paneles y con la presencia de los principales dirigentes del PRO, en otro intento por reposicionar el partido, tras el acto de relanzamiento que protagoniz\u00f3 Macri. Desde ese discurso, qen donde critic\u00f3 al Gobierno -y en especial al \u00abentorno\u00bb del presidente- el macrismo se viene esforzando por suavizar la relaci\u00f3n. Sin embargo, en una reuni\u00f3n de la c\u00fapula del lunes pasado siguieron analizando qu\u00e9 ocurrir\u00e1, en particular, con la quita de fondos a la Ciudad.<\/p>\n\n\n\n<p>Macri no esta dispuesto a dejar la escena pol\u00edtica. Por eso, encabezar\u00e1 en Entre R\u00edos el relanzamiento de la Fundaci\u00f3n Pensar, el think tank del PRO. Ser\u00e1 otro evento masivo, con dirigentes, gobernadores, intendentes, senadores y diputados. Vidal brind\u00f3 detalles del encuentro en la reuni\u00f3n de la c\u00fapula del PRO del lunes pasado, que por primera vez no fue en las oficinas de Macri en Vicente L\u00f3pez, sino en la sede central del PRO, sobre la calle Balcarce.<\/p>\n\n\n\n<p>El encuentro del 29 desarrollar\u00e1 distintos paneles, que ser\u00e1n coronados por un nuevo discurso de Macri. Antes de eso, abrir\u00e1 el gobernador de Entre R\u00edos, Rogelio Frigerio, como anfitri\u00f3n en su provincia. No obstante, ni Frigerio ni el gobernador de Chubut, \u00abNacho\u00bb Torres, est\u00e1n en la organizaci\u00f3n, ni en el trabajo del partido nacional: cada uno viene desarrollando sus propios frentes provinciales para 2025. Y est\u00e1n desarrollando su propio eje de poder frente al Gobierno libertario.<\/p>\n\n\n\n<p>Luego de Frigerio, Vidal dar\u00e1 comienzo al evento que tendr\u00e1 distintos paneles. En uno, Silvia Lospenatto debatir\u00e1 con constitucionalistas. En otro, la vicegobernadora santafesina Gisela Scaglia presentar\u00e1 una mesa de gobernadores y del jefe de Gobierno, Jorge Macri. El cierre ser\u00e1 para Vidal y Macri.<\/p>\n\n\n\n<p>El de la Fundaci\u00f3n Pensar no ser\u00e1 el \u00fanico acto. Adem\u00e1s habr\u00e1 otra actividad para relanzar el PRO bonaerense, despu\u00e9s que Macri consiguiera desalojar de su conducci\u00f3n al bullrichismo y ubicar al frente a Cristian Ritondo y a la intendenta de Vicente L\u00f3pez, Soledad Mart\u00ednez. Ambos formalizar\u00e1n su arribo al partido en otro acto, donde se pondr\u00e1n en la vidriera a los 16 intendentes del PRO.<\/p>\n\n\n\n<p>Macri viene trabajando tambi\u00e9n en mostrar que el PRO tiene dirigentes j\u00f3venes. Para eso, est\u00e1n desarrollando una escuela de formaci\u00f3n de dirigentes del partido, que se va a llamar Generaci\u00f3n 3.0. La iniciativa es salir a disputarle a La Libertad Avanza el segmento de j\u00f3venes que la favoreci\u00f3 en 2023.<\/p>\n\n\n\n<p>Todo esto se debati\u00f3 en el \u00faltimo encuentro de la c\u00fapula del PRO, del que participaron los gobernadores Torres y Frigerio (por Zoom); la intendenta Soledad Mart\u00ednez y Ritondo; el intendente de Mar del Plata, Guillermo Montenegro, adem\u00e1s de Vidal y Diego Santilli, quien estuvo a cargo de dejar un mensaje pacificador para Milei al final de ese encuentro: \u201cEl PRO es un espacio que ayuda desde su identidad a este Gobierno para que le vaya bien\u201d.<\/p>\n\n\n\n<p>Jorge Macri no pudo participar, de todas formas, se abord\u00f3 la situaci\u00f3n de la Ciudad. Analizaron c\u00f3mo el Gobierno de Milei comenz\u00f3 a cumplir el fallo de la Corte que ordenaba aumentar la coparticipaci\u00f3n de la Ciudad, pero no lo hizo aumentando las transferencias autom\u00e1ticas, sino sumando la diferencia en algunas transferencias discrecionales que se pueden cortar en cualquier momento.<\/p>\n\n\n\n<p>Por esta situaci\u00f3n, la Corte ya cit\u00f3 a Jorge Macri y al ministro de Econom\u00eda nacional, Luis Caputo. La otra cuesti\u00f3n que analizaron es el intento de dejar de transferir los subsidios a los colectivos en la Ciudad. Dos cuestiones r\u00edspidas que continuar\u00e1n.<\/p>\n","protected":false},"excerpt":{"rendered":"<p>El encuentro ser&aacute; el 29 de agosto, y se relanzar&aacute; la Fundaci&oacute;n Pensar. El PRO adem&aacute;s prepara otra actividad para impulsar al partido en la provincia de Buenos Aires y trabaja en una escuela de formaci&oacute;n de dirigentes j&oacute;venes. Mauricio Macri protagoniza un un encuentro con gobernadores y con los principales dirigentes de su fuerza [&hellip;]<\/p>\n","protected":false},"author":2,"featured_media":6074,"comment_status":"open","ping_status":"open","sticky":false,"template":"","format":"standard","meta":{"footnotes":""},"categories":[176,8],"tags":[257,2601,1114,2602,1101,265,245],"class_list":["post-6073","post","type-post","status-publish","format-standard","has-post-thumbnail","hentry","category-politica","category-provinciales","tag-entre-rios","tag-fundacion-pensar","tag-jorge-macri","tag-maria-eugenia-vidal-2","tag-mauricio-macri","tag-parana","tag-rogelio-frigerio"],"_links":{"self":[{"href":"https:\/\/partediario.com.ar\/index.php?rest_route=\/wp\/v2\/posts\/6073","targetHints":{"allow":["GET"]}}],"collection":[{"href":"https:\/\/partediario.com.ar\/index.php?rest_route=\/wp\/v2\/posts"}],"about":[{"href":"https:\/\/partediario.com.ar\/index.php?rest_route=\/wp\/v2\/types\/post"}],"author":[{"embeddable":true,"href":"https:\/\/partediario.com.ar\/index.php?rest_route=\/wp\/v2\/users\/2"}],"replies":[{"embeddable":true,"href":"https:\/\/partediario.com.ar\/index.php?rest_route=%2Fwp%2Fv2%2Fcomments&post=6073"}],"version-history":[{"count":1,"href":"https:\/\/partediario.com.ar\/index.php?rest_route=\/wp\/v2\/posts\/6073\/revisions"}],"predecessor-version":[{"id":6075,"href":"https:\/\/partediario.com.ar\/index.php?rest_route=\/wp\/v2\/posts\/6073\/revisions\/6075"}],"wp:featuredmedia":[{"embeddable":true,"href":"https:\/\/partediario.com.ar\/index.php?rest_route=\/wp\/v2\/media\/6074"}],"wp:attachment":[{"href":"https:\/\/partediario.com.ar\/index.php?rest_route=%2Fwp%2Fv2%2Fmedia&parent=6073"}],"wp:term":[{"taxonomy":"category","embeddable":true,"href":"https:\/\/partediario.com.ar\/index.php?rest_route=%2Fwp%2Fv2%2Fcategories&post=6073"},{"taxonomy":"post_tag","embeddable":true,"href":"https:\/\/partediario.com.ar\/index.php?rest_route=%2Fwp%2Fv2%2Ftags&post=6073"}],"curies":[{"name":"wp","href":"https:\/\/api.w.org\/{rel}","templated":true}]}}