{"id":6104,"date":"2024-08-15T21:42:03","date_gmt":"2024-08-16T00:42:03","guid":{"rendered":"https:\/\/partediario.com.ar\/?p=6104"},"modified":"2024-08-15T21:42:04","modified_gmt":"2024-08-16T00:42:04","slug":"los-nuevos-chats-entre-fabiola-yanez-y-maria-cantero-que-complican-aun-mas-alberto-fernandez","status":"publish","type":"post","link":"https:\/\/partediario.com.ar\/?p=6104","title":{"rendered":"Los nuevos chats entre Fabiola Ya\u00f1ez y Mar\u00eda Cantero que complican aun m\u00e1s Alberto Fern\u00e1ndez"},"content":{"rendered":"\n<h3 class=\"wp-block-heading\">Se dieron a conocer nuevas pruebas donde la ex primera dama le contaba a la exsecretaria de Fern\u00e1ndez sobre los hechos de violencia, que habr\u00eda padecido a manos del ex presidente.<\/h3>\n\n\n\n<p>El sitio TN public\u00f3 nuevas pruebas donde la ex primera dama le contaba a la exsecretaria de Fern\u00e1ndez sobre los hechos de violencia. M\u00e1s pruebas contin\u00faan saliendo a la luz y complicando al expresidente Alberto Fern\u00e1ndez en la causa que enfrenta por violencia de g\u00e9nero contra su expareja Fabiola Ya\u00f1ez, quien el pasado martes ampli\u00f3 la denuncia con su declaraci\u00f3n, v\u00eda Zoom desde Espa\u00f1a, ante el fiscal Ramiro Gonz\u00e1lez.<\/p>\n\n\n\n<p>Este jueves, se publicaron una nueva serie de chats entre la ex primera dama y la exsecretaria de Alberto Fern\u00e1ndez, donde le relata episodios de violencia f\u00edsica. En dicha conversaci\u00f3n, Mar\u00eda Cantero evade el tema y solo se limita a decir que \u00ab\u00e9l (por Alberto) la est\u00e1 pasando muy mal\u00bb.<\/p>\n\n\n\n<p>Dicha charla entre ambas es del 12 de agosto de 2021 y tuvo una extensi\u00f3n en el tiempo de aproximadamente una hora. All\u00ed, Fabiola Y\u00e1\u00f1ez le relataba a Cantero: \u00ab\u00bfPor qu\u00e9 tiene que llegar y lastimarme y golpearme?\u00bb. \u00abNo puedo creer lo que me dec\u00eds\u00bb, le responde Cantero, quien fue citada como testigo en la causa por la fiscal\u00eda.<\/p>\n\n\n\n<p><\/p>\n\n\n\n<figure class=\"wp-block-image size-full\"><img loading=\"lazy\" decoding=\"async\" width=\"768\" height=\"938\" src=\"https:\/\/partediario.com.ar\/wp-content\/uploads\/f768x1-1638132_1638259_121.webp\" alt=\"\" class=\"wp-image-6106\" srcset=\"https:\/\/partediario.com.ar\/wp-content\/uploads\/f768x1-1638132_1638259_121.webp 768w, https:\/\/partediario.com.ar\/wp-content\/uploads\/f768x1-1638132_1638259_121-246x300.webp 246w\" sizes=\"auto, (max-width: 768px) 100vw, 768px\" \/><\/figure>\n\n\n\n<p><\/p>\n\n\n\n<p>Fabiola sigui\u00f3: \u00abYo tampoco\u00bb, a lo que recibe como respuesta que el expresidente \u00abla est\u00e1 pasando muy mal, pero no justifica eso jam\u00e1s\u00bb.<\/p>\n\n\n\n<p>\u00abNunca lo escuch\u00e9 hablar con alguien con el cari\u00f1o que lo hace con vos\u00bb, a\u00f1adi\u00f3 la exsecretaria de Alberto Fern\u00e1ndez. Fabiola Ya\u00f1ez, entonces, ahond\u00f3 al decir que \u00abpero en la pr\u00e1ctica no es igual. Me agarr\u00f3 del cuello\u00bb.<\/p>\n\n\n\n<p>\u00abMe sacudi\u00f3 los brazos y tengo moretones. Me peg\u00f3 un d\u00eda en la cara y tengo el ojo negro\u00bb, relat\u00f3 la ex primera dama.<\/p>\n\n\n\n<p><\/p>\n\n\n\n<figure class=\"wp-block-image size-full\"><img loading=\"lazy\" decoding=\"async\" width=\"768\" height=\"917\" src=\"https:\/\/partediario.com.ar\/wp-content\/uploads\/f768x1-1638133_1638260_115-1.webp\" alt=\"\" class=\"wp-image-6107\" srcset=\"https:\/\/partediario.com.ar\/wp-content\/uploads\/f768x1-1638133_1638260_115-1.webp 768w, https:\/\/partediario.com.ar\/wp-content\/uploads\/f768x1-1638133_1638260_115-1-251x300.webp 251w\" sizes=\"auto, (max-width: 768px) 100vw, 768px\" \/><\/figure>\n\n\n\n<p><\/p>\n\n\n\n<p>En otra comunicaci\u00f3n difundida el mi\u00e9rcoles, Ya\u00f1ez le expone a Cantero: \u00abAnoche (por Alberto Fern\u00e1ndez) me peg\u00f3 una patada en la panza, sabiendo que puedo estar embarazada\u00bb. \u00ab\u00bf\u00c9l sabe que te hiciste el tratamiento?\u00bb, fue la respuesta de la exfuncionaria. \u00abS\u00ed, lo hicimos los dos. En dos d\u00edas me peg\u00f3 tres veces\u00bb.<\/p>\n\n\n\n<p>\u00abNo es la persona que yo conozco. La estoy pasando mal. Trat\u00e1 de preservarte cuando lo veas as\u00ed\u00bb, concluye Mar\u00eda Cantero.<\/p>\n","protected":false},"excerpt":{"rendered":"<p>Se dieron a conocer nuevas pruebas donde la ex primera dama le contaba a la exsecretaria de Fern&aacute;ndez sobre los hechos de violencia, que habr&iacute;a padecido a manos del ex presidente. El sitio TN public&oacute; nuevas pruebas donde la ex primera dama le contaba a la exsecretaria de Fern&aacute;ndez sobre los hechos de violencia. M&aacute;s [&hellip;]<\/p>\n","protected":false},"author":2,"featured_media":6108,"comment_status":"open","ping_status":"open","sticky":false,"template":"","format":"standard","meta":{"footnotes":""},"categories":[979,5],"tags":[517,2391,2409,2423],"class_list":["post-6104","post","type-post","status-publish","format-standard","has-post-thumbnail","hentry","category-judiciales","category-nacionales","tag-alberto-fernandez","tag-chats","tag-fabiola-yanez-2","tag-maria-cantero"],"_links":{"self":[{"href":"https:\/\/partediario.com.ar\/index.php?rest_route=\/wp\/v2\/posts\/6104","targetHints":{"allow":["GET"]}}],"collection":[{"href":"https:\/\/partediario.com.ar\/index.php?rest_route=\/wp\/v2\/posts"}],"about":[{"href":"https:\/\/partediario.com.ar\/index.php?rest_route=\/wp\/v2\/types\/post"}],"author":[{"embeddable":true,"href":"https:\/\/partediario.com.ar\/index.php?rest_route=\/wp\/v2\/users\/2"}],"replies":[{"embeddable":true,"href":"https:\/\/partediario.com.ar\/index.php?rest_route=%2Fwp%2Fv2%2Fcomments&post=6104"}],"version-history":[{"count":1,"href":"https:\/\/partediario.com.ar\/index.php?rest_route=\/wp\/v2\/posts\/6104\/revisions"}],"predecessor-version":[{"id":6109,"href":"https:\/\/partediario.com.ar\/index.php?rest_route=\/wp\/v2\/posts\/6104\/revisions\/6109"}],"wp:featuredmedia":[{"embeddable":true,"href":"https:\/\/partediario.com.ar\/index.php?rest_route=\/wp\/v2\/media\/6108"}],"wp:attachment":[{"href":"https:\/\/partediario.com.ar\/index.php?rest_route=%2Fwp%2Fv2%2Fmedia&parent=6104"}],"wp:term":[{"taxonomy":"category","embeddable":true,"href":"https:\/\/partediario.com.ar\/index.php?rest_route=%2Fwp%2Fv2%2Fcategories&post=6104"},{"taxonomy":"post_tag","embeddable":true,"href":"https:\/\/partediario.com.ar\/index.php?rest_route=%2Fwp%2Fv2%2Ftags&post=6104"}],"curies":[{"name":"wp","href":"https:\/\/api.w.org\/{rel}","templated":true}]}}