{"id":6110,"date":"2024-08-15T21:49:39","date_gmt":"2024-08-16T00:49:39","guid":{"rendered":"https:\/\/partediario.com.ar\/?p=6110"},"modified":"2024-08-15T21:49:39","modified_gmt":"2024-08-16T00:49:39","slug":"habitacion-2806-la-serie-documental-sobre-abusos-sexuales-que-recomendaba-cristina-kirchner","status":"publish","type":"post","link":"https:\/\/partediario.com.ar\/?p=6110","title":{"rendered":"&#8216;Habitaci\u00f3n 2806&#8217;: la serie documental sobre abusos sexuales que recomendaba Cristina Kirchner"},"content":{"rendered":"\n<h3 class=\"wp-block-heading\">La senadora nacional kirchnerista Juliana di Tullio revel\u00f3 la serie documental que la expresidente le sugiri\u00f3 mirar a su c\u00edrculo pol\u00edtico cercano.<\/h3>\n\n\n\n<p>El esc\u00e1ndalo que involucra al expresidente Alberto Fern\u00e1ndez, denunciado por violencia de g\u00e9nero por su ex pareja y ex primera dama Fabiola Ya\u00f1ez, suma ahora otro elemento m\u00e1s.<\/p>\n\n\n\n<p>En diario nacional Clar\u00edn, relata que Alberto Fern\u00e1ndez y Cristina Fern\u00e1ndez de Kirchner habr\u00edan tenido una particular conversaci\u00f3n privada en septiembre de 2021, apenas dos d\u00edas despu\u00e9s de las elecciones PASO legislativas.<\/p>\n\n\n\n<p>Adem\u00e1s de dialogar sobre cuestiones pol\u00edticas, la nota de Clar\u00edn, afirma que Cristina Kirchner le habr\u00eda manifestado a Fern\u00e1ndez: <strong>\u00abAlberto, ten\u00e9s que dejar de joder con las minas que tra\u00e9s ac\u00e1, sos un pajero pero sos el presidente. Empez\u00e1 a controlar lo que hac\u00e9s en tu vida privada porque todo el mundo lo sabe y nos va a causar problemas a todos\u00bb.<\/strong><\/p>\n\n\n\n<p>Estas palabras, tres a\u00f1os despu\u00e9s, provocaron un enorme impacto al tener en cuenta las diversas acusaciones en contra del ex jefe de Estado.<\/p>\n\n\n\n<p>Sin embargo, uno de los laderos de Cristina Kirchner sali\u00f3 a defender a su l\u00edder y destac\u00f3 que dicha informaci\u00f3n no ser\u00eda ver\u00eddica. Se trata de la senadora nacional bonaerense Juliana di Tullio, una de las dirigentes de mayor cercan\u00eda a la expresidenta. Seg\u00fan expres\u00f3 Di Tullio en sus redes sociales, \u00abClar\u00edn no para de operar\u00bb, ya que \u00abCristina no habla de la vida privada con ning\u00fan dirigente. S\u00f3lo habla de pol\u00edtica\u00bb.<\/p>\n\n\n\n<p><\/p>\n\n\n\n<blockquote class=\"twitter-tweet\"><p lang=\"es\" dir=\"ltr\">Lo que s\u00ed hace es recomendarnos series a todos y todas. A la pol\u00edtica nos recomend\u00f3, hace unos a\u00f1os, que veamos el documental de Netflix \u201cHabitaci\u00f3n 2806\u201d sobre el caso Strauss Khan, ex titular del FMI destituido por un esc\u00e1ndalo sexual. <br> <br>La tendr\u00eda que haber visto.<\/p>&mdash; Juliana di Tullio (@ditulliojuli) <a href=\"https:\/\/twitter.com\/ditulliojuli\/status\/1824178147920842782?ref_src=twsrc%5Etfw\">August 15, 2024<\/a><\/blockquote> <script async src=\"https:\/\/platform.twitter.com\/widgets.js\" charset=\"utf-8\"><\/script>\n\n\n\n<p><\/p>\n\n\n\n<p>Posteriormente, Di Tullio desliz\u00f3 que Cristina Kirchner s\u00ed suele sugerir contenido audiovisual y mencion\u00f3 un documental espec\u00edfico. \u00abLo que s\u00ed hace es recomendarnos series a todos y todas. A la pol\u00edtica nos recomend\u00f3, hace unos a\u00f1os, que veamos el documental de Netflix &#8216;Habitaci\u00f3n 2806&#8217; sobre el caso Strauss Khan, ex titular del FMI destituido por un esc\u00e1ndalo sexual\u00bb, cont\u00f3 la senadora.<\/p>\n\n\n\n<p>Y, en tono desafiante, remat\u00f3: \u00abLa tendr\u00eda que haber visto\u00bb.<\/p>\n\n\n\n<p>Seg\u00fan indica Netflix en su sitio web, el contenido es una docuserie sobre el caso de agresi\u00f3n sexual que en 2011 comprometi\u00f3 al pol\u00edtico franc\u00e9s Dominique Strauss-Kahn mientras estaba en la cima de su carrera.<\/p>\n\n\n\n<p>La denunciante afirm\u00f3 que el importante pol\u00edtico intent\u00f3 violarla y ejerci\u00f3 violencia contra ella en la habitaci\u00f3n 2806 de un hotel de Nueva York. Strauss-Kahn fue director del FMI de 2007 a 2011 y su esc\u00e1ndalo dio la vuelta al mundo.<\/p>\n","protected":false},"excerpt":{"rendered":"<p>La senadora nacional kirchnerista Juliana di Tullio revel&oacute; la serie documental que la expresidente le sugiri&oacute; mirar a su c&iacute;rculo pol&iacute;tico cercano. El esc&aacute;ndalo que involucra al expresidente Alberto Fern&aacute;ndez, denunciado por violencia de g&eacute;nero por su ex pareja y ex primera dama Fabiola Ya&ntilde;ez, suma ahora otro elemento m&aacute;s. En diario nacional Clar&iacute;n, relata [&hellip;]<\/p>\n","protected":false},"author":2,"featured_media":6111,"comment_status":"open","ping_status":"open","sticky":false,"template":"","format":"standard","meta":{"footnotes":""},"categories":[5,176],"tags":[517,2621,2623,2624,115,2622],"class_list":["post-6110","post","type-post","status-publish","format-standard","has-post-thumbnail","hentry","category-nacionales","category-politica","tag-alberto-fernandez","tag-cristina-krichner","tag-habitacion-2806","tag-juliana-di-tullio","tag-netflix","tag-serie"],"_links":{"self":[{"href":"https:\/\/partediario.com.ar\/index.php?rest_route=\/wp\/v2\/posts\/6110","targetHints":{"allow":["GET"]}}],"collection":[{"href":"https:\/\/partediario.com.ar\/index.php?rest_route=\/wp\/v2\/posts"}],"about":[{"href":"https:\/\/partediario.com.ar\/index.php?rest_route=\/wp\/v2\/types\/post"}],"author":[{"embeddable":true,"href":"https:\/\/partediario.com.ar\/index.php?rest_route=\/wp\/v2\/users\/2"}],"replies":[{"embeddable":true,"href":"https:\/\/partediario.com.ar\/index.php?rest_route=%2Fwp%2Fv2%2Fcomments&post=6110"}],"version-history":[{"count":1,"href":"https:\/\/partediario.com.ar\/index.php?rest_route=\/wp\/v2\/posts\/6110\/revisions"}],"predecessor-version":[{"id":6112,"href":"https:\/\/partediario.com.ar\/index.php?rest_route=\/wp\/v2\/posts\/6110\/revisions\/6112"}],"wp:featuredmedia":[{"embeddable":true,"href":"https:\/\/partediario.com.ar\/index.php?rest_route=\/wp\/v2\/media\/6111"}],"wp:attachment":[{"href":"https:\/\/partediario.com.ar\/index.php?rest_route=%2Fwp%2Fv2%2Fmedia&parent=6110"}],"wp:term":[{"taxonomy":"category","embeddable":true,"href":"https:\/\/partediario.com.ar\/index.php?rest_route=%2Fwp%2Fv2%2Fcategories&post=6110"},{"taxonomy":"post_tag","embeddable":true,"href":"https:\/\/partediario.com.ar\/index.php?rest_route=%2Fwp%2Fv2%2Ftags&post=6110"}],"curies":[{"name":"wp","href":"https:\/\/api.w.org\/{rel}","templated":true}]}}