{"id":6134,"date":"2024-08-16T18:02:21","date_gmt":"2024-08-16T21:02:21","guid":{"rendered":"https:\/\/partediario.com.ar\/?p=6134"},"modified":"2024-08-16T18:05:59","modified_gmt":"2024-08-16T21:05:59","slug":"se-declaro-la-inconstitucionalidad-del-decreto-70-2023-que-desregulaba-los-aumentos-de-las-prepagas","status":"publish","type":"post","link":"https:\/\/partediario.com.ar\/?p=6134","title":{"rendered":"Se declar\u00f3 la inconstitucionalidad del decreto 70\/2023 que desregulaba los aumentos de las prepagas"},"content":{"rendered":"\n<h3 class=\"wp-block-heading\">La C\u00e1mara Federal de apelaciones de Paran\u00e1 declaro la inconstitucionalidad de los arts. 267 y 269 del Decreto 70\/2023 en cuanto derogan el inc. g) del art. 5 y el art. 17 de la ley 26.682.<\/h3>\n\n\n\n<p>De esta manera, se dejan sin efecto los aumentos de las cuotas de los planes fijados por OSDE a partir del mes de enero de 2024.<br>El Dr. Manuel Luaces, Magister en Justicia Constitucional por la Universidad de Bolonia asegur\u00f3 que \u201ccon esta declaraci\u00f3n de inconstitucionalidad del decreto, la Superintendencia de Servicios de Salud recobra su legitimidad para autorizar el aumento de las cuotas cuando el mismo est\u00e9 fundado en variaciones de la estructura de costos y razonable c\u00e1lculo actuarial de riesgos\u00bb.<\/p>\n\n\n\n<p>\u00abAdemas podran establecer precios diferenciales para los planes prestacionales, al momento de su contrataci\u00f3n seg\u00fan franjas etarias con una variaci\u00f3n m\u00e1xima de tres (3) veces entre el precio de la primera y la \u00faltima franja etaria.\u201d<\/p>\n\n\n\n<p>El especialista en Derecho a la Salud, Manuel Luaces, se\u00f1alo adem\u00e1s que \u00abes una buena noticia para los usuarios de prepagas y es un golpe para la pretensi\u00f3n del gobierno nacional de desregular el mercado de medicina prepaga a trav\u00e9s de un decreto\u201d.<\/p>\n","protected":false},"excerpt":{"rendered":"<p>La C&aacute;mara Federal de apelaciones de Paran&aacute; declaro la inconstitucionalidad de los arts. 267 y 269 del Decreto 70\/2023 en cuanto derogan el inc. g) del art. 5 y el art. 17 de la ley 26.682. De esta manera, se dejan sin efecto los aumentos de las cuotas de los planes fijados por OSDE a [&hellip;]<\/p>\n","protected":false},"author":2,"featured_media":6135,"comment_status":"open","ping_status":"open","sticky":false,"template":"","format":"standard","meta":{"footnotes":""},"categories":[979,5,176],"tags":[1605,2632,1643],"class_list":["post-6134","post","type-post","status-publish","format-standard","has-post-thumbnail","hentry","category-judiciales","category-nacionales","category-politica","tag-aumentos","tag-desregulacion","tag-prepagas"],"_links":{"self":[{"href":"https:\/\/partediario.com.ar\/index.php?rest_route=\/wp\/v2\/posts\/6134","targetHints":{"allow":["GET"]}}],"collection":[{"href":"https:\/\/partediario.com.ar\/index.php?rest_route=\/wp\/v2\/posts"}],"about":[{"href":"https:\/\/partediario.com.ar\/index.php?rest_route=\/wp\/v2\/types\/post"}],"author":[{"embeddable":true,"href":"https:\/\/partediario.com.ar\/index.php?rest_route=\/wp\/v2\/users\/2"}],"replies":[{"embeddable":true,"href":"https:\/\/partediario.com.ar\/index.php?rest_route=%2Fwp%2Fv2%2Fcomments&post=6134"}],"version-history":[{"count":2,"href":"https:\/\/partediario.com.ar\/index.php?rest_route=\/wp\/v2\/posts\/6134\/revisions"}],"predecessor-version":[{"id":6138,"href":"https:\/\/partediario.com.ar\/index.php?rest_route=\/wp\/v2\/posts\/6134\/revisions\/6138"}],"wp:featuredmedia":[{"embeddable":true,"href":"https:\/\/partediario.com.ar\/index.php?rest_route=\/wp\/v2\/media\/6135"}],"wp:attachment":[{"href":"https:\/\/partediario.com.ar\/index.php?rest_route=%2Fwp%2Fv2%2Fmedia&parent=6134"}],"wp:term":[{"taxonomy":"category","embeddable":true,"href":"https:\/\/partediario.com.ar\/index.php?rest_route=%2Fwp%2Fv2%2Fcategories&post=6134"},{"taxonomy":"post_tag","embeddable":true,"href":"https:\/\/partediario.com.ar\/index.php?rest_route=%2Fwp%2Fv2%2Ftags&post=6134"}],"curies":[{"name":"wp","href":"https:\/\/api.w.org\/{rel}","templated":true}]}}