{"id":6151,"date":"2024-08-16T19:33:44","date_gmt":"2024-08-16T22:33:44","guid":{"rendered":"https:\/\/partediario.com.ar\/?p=6151"},"modified":"2024-08-16T19:33:44","modified_gmt":"2024-08-16T22:33:44","slug":"reunion-del-consejo-para-el-desarrollo-y-promocion-del-corredor-bioceanico-capricornio","status":"publish","type":"post","link":"https:\/\/partediario.com.ar\/?p=6151","title":{"rendered":"Reuni\u00f3n del Consejo para el Desarrollo y Promoci\u00f3n del Corredor Bioce\u00e1nico Capricornio"},"content":{"rendered":"\n<h3 class=\"wp-block-heading\">El gobernador de la Provincia, Carlos Sadir, y el vicegobernador, Alberto Bernis, encabezaron en el Sal\u00f3n Blanco la primera reuni\u00f3n del Consejo para el Desarrollo y Promoci\u00f3n del Corredor Bioce\u00e1nico Capricornio, creado a partir de la sanci\u00f3n de la Ley 6.408.<\/h3>\n\n\n\n<p>Se destac\u00f3 que el proyecto transformar\u00e1 Jujuy por el impacto que tendr\u00e1 en su concreci\u00f3n.<\/p>\n\n\n\n<p>Sadir, al t\u00e9rmino del encuentro se\u00f1al\u00f3, que \u201choy me reun\u00ed con los miembros del consejo para seguir impulsando el crecimiento econ\u00f3mico y social de nuestra regi\u00f3n\u201d.<\/p>\n\n\n\n<p>El mandatario destac\u00f3 que \u201ceste corredor conectar\u00e1 los puertos del Pac\u00edfico y del Atl\u00e1ntico, atravesando Jujuy y otros pa\u00edses de Sudam\u00e9rica, como Bolivia, Chile y Paraguay\u201d.<\/p>\n\n\n\n<p>Detall\u00f3 que el consejo est\u00e1 integrado por representantes de los poderes Ejecutivo y Legislativo, municipales, gremios, c\u00e1maras, universidad y sectores productivos y sociales. Asimismo, afirm\u00f3 que \u201ces un proyecto estrat\u00e9gico que traer\u00e1 enormes beneficios en comercio y turismo internacional\u201d.<\/p>\n\n\n\n<p>Por \u00faltimo, expres\u00f3 que \u201cjuntos, vamos a potenciar a Jujuy, generando trabajo y mejorando la calidad de vida de todos los juje\u00f1os y juje\u00f1as\u201d.<\/p>\n\n\n\n<p>Bernis, a su turno, ponder\u00f3 la participaci\u00f3n de varios sectores, \u201clo que demuestra que en Jujuy hay una voluntad muy importante de que cuando se convoca a distintos sectores para una cosa que es en beneficio de la provincia y de la regi\u00f3n, estamos todos presentes\u201d. Record\u00f3 que d\u00edas pasados los presidentes de Chile, de Brasil, y de Paraguay estuvieron hablando de este tema, dando muestra de que hay inter\u00e9s de esos pa\u00edses y de las distintas regiones argentinas por las que atraviesa el corredor. Por \u00faltimo, resalt\u00f3 que \u201cla Legislatura dict\u00f3 una ley que marcar\u00e1 un antes y un despu\u00e9s en lo que tiene que ver con esto, porque con la presencia de todos los sectores se est\u00e1 demostrando un compromiso muy fuerte de que realmente queremos trabajar en el desarrollo y crecimiento para mejorar las condiciones de todos los sectores de la regi\u00f3n y de nuestra provincia de Jujuy\u201d.<\/p>\n\n\n\n<p>Presencias Estuvieron presentes, adem\u00e1s de los mencionados, los ministros de Gobierno, Justicia, Trabajo y Derechos Humanos, Normando \u00c1lvarez Garc\u00eda; de Desarrollo Econ\u00f3mico y Producci\u00f3n, Juan Carlos Abud Robles; los intendentes de Capital, Ra\u00fal Jorge; de San Pedro, Julio Bravo; de Libertador General San Mart\u00edn, Oscar Jayat; de Palpal\u00e1, Rub\u00e9n Rivarola; de Purmamarca, Humberto L\u00f3pez; y de Perico, Rolando Ficoseco.<\/p>\n\n\n\n<p>Los comisionados municipales de Volc\u00e1n, Ren\u00e9 Gal\u00edndez; de Tumbaya, Mart\u00edn Paz; de Susques, Eladio V\u00e1zquez; de Jama, \u00c1lvaro Gonz\u00e1lez; y de El Piquete, Ariel Ortiz. Asistieron Fabi\u00e1n Tejerina, vicepresidente primero de la Legislatura, y los diputados provinciales del Frente Cambia Jujuy Santiago Jubert e Iv\u00e1n Poncio; del bloque PJ Rub\u00e9n Rivarola y Pedro Beliz\u00e1n. En representaci\u00f3n de la Universidad Cat\u00f3lica de Salta, el ingeniero Rodolfo Gallo Cornejo, y de la Universidad Siglo XXI, magister Laura Rosso. Tambi\u00e9n estuvieron por la Uni\u00f3n Industrial de Jujuy, Federico Gatti; de la C\u00e1mara Minera de Jujuy, Carlos Carrillo; de la Uni\u00f3n Empresarios de Jujuy, Luis Alonso; de la C\u00e1mara de Turismo, Jos\u00e9 Guizzo; de la C\u00e1mara de la Construcci\u00f3n, Rodrigo Torres; de la C\u00e1mara de Comercio Exterior, Jorge Gurrieri; de la Universidad Nacional de Jujuy, Mario Bonillo; del Colegio de Ingenieros, Sergio Aramayo; del Consejo Profesional de Ciencias Econ\u00f3micas, Blanca Ju\u00e1rez.<\/p>\n","protected":false},"excerpt":{"rendered":"<p>El gobernador de la Provincia, Carlos Sadir, y el vicegobernador, Alberto Bernis, encabezaron en el Sal&oacute;n Blanco la primera reuni&oacute;n del Consejo para el Desarrollo y Promoci&oacute;n del Corredor Bioce&aacute;nico Capricornio, creado a partir de la sanci&oacute;n de la Ley 6.408. Se destac&oacute; que el proyecto transformar&aacute; Jujuy por el impacto que tendr&aacute; en su [&hellip;]<\/p>\n","protected":false},"author":2,"featured_media":6152,"comment_status":"open","ping_status":"open","sticky":false,"template":"","format":"standard","meta":{"footnotes":""},"categories":[5,176],"tags":[2647,2646,2648,2530,597,2645,2616,753],"class_list":["post-6151","post","type-post","status-publish","format-standard","has-post-thumbnail","hentry","category-nacionales","category-politica","tag-alberto-bernis","tag-bioceanico","tag-capricornio","tag-carlos-sadir","tag-consejo","tag-corredor","tag-desarrollo","tag-jujuy"],"_links":{"self":[{"href":"https:\/\/partediario.com.ar\/index.php?rest_route=\/wp\/v2\/posts\/6151","targetHints":{"allow":["GET"]}}],"collection":[{"href":"https:\/\/partediario.com.ar\/index.php?rest_route=\/wp\/v2\/posts"}],"about":[{"href":"https:\/\/partediario.com.ar\/index.php?rest_route=\/wp\/v2\/types\/post"}],"author":[{"embeddable":true,"href":"https:\/\/partediario.com.ar\/index.php?rest_route=\/wp\/v2\/users\/2"}],"replies":[{"embeddable":true,"href":"https:\/\/partediario.com.ar\/index.php?rest_route=%2Fwp%2Fv2%2Fcomments&post=6151"}],"version-history":[{"count":1,"href":"https:\/\/partediario.com.ar\/index.php?rest_route=\/wp\/v2\/posts\/6151\/revisions"}],"predecessor-version":[{"id":6153,"href":"https:\/\/partediario.com.ar\/index.php?rest_route=\/wp\/v2\/posts\/6151\/revisions\/6153"}],"wp:featuredmedia":[{"embeddable":true,"href":"https:\/\/partediario.com.ar\/index.php?rest_route=\/wp\/v2\/media\/6152"}],"wp:attachment":[{"href":"https:\/\/partediario.com.ar\/index.php?rest_route=%2Fwp%2Fv2%2Fmedia&parent=6151"}],"wp:term":[{"taxonomy":"category","embeddable":true,"href":"https:\/\/partediario.com.ar\/index.php?rest_route=%2Fwp%2Fv2%2Fcategories&post=6151"},{"taxonomy":"post_tag","embeddable":true,"href":"https:\/\/partediario.com.ar\/index.php?rest_route=%2Fwp%2Fv2%2Ftags&post=6151"}],"curies":[{"name":"wp","href":"https:\/\/api.w.org\/{rel}","templated":true}]}}