{"id":6159,"date":"2024-08-17T11:47:14","date_gmt":"2024-08-17T14:47:14","guid":{"rendered":"https:\/\/partediario.com.ar\/?p=6159"},"modified":"2024-08-17T11:47:14","modified_gmt":"2024-08-17T14:47:14","slug":"concordia-los-vecinos-tienen-ganas-de-progresar-y-entienden-que-venimos-a-cambiar-el-paradigma-reivindicando-la-cultura-del-trabajo-expreso-azcue","status":"publish","type":"post","link":"https:\/\/partediario.com.ar\/?p=6159","title":{"rendered":"Concordia: \u00abLos vecinos tienen ganas de progresar y entienden que venimos a cambiar el paradigma, reivindicando la cultura del trabajo\u00bb, expres\u00f3 Azcu\u00e9"},"content":{"rendered":"\n<p>Durante la ma\u00f1ana de este viernes, el intendente Francisco Azcu\u00e9 volvi\u00f3 a recorrer otro barrio de la zona noroeste de Concordia. La premisa fue escuchar las necesidades de sus habitantes, de forma directa y sin intermediarios.<\/p>\n\n\n\n<p>Junto a los equipos t\u00e9cnicos de la Municipalidad y con la premisa de una gesti\u00f3n activa, el intendente recorri\u00f3 en esta oportunidad el barrio La Arrocera. Entre otros lugares, estuvo en el comedor \u201cUn sol para los chicos\u201d, que da contenci\u00f3n todos los viernes a m\u00e1s de 150 chicos.<\/p>\n\n\n\n<p>Tom\u00f3 contacto de primera mano con los vecinos, recibiendo inquietudes para poder mejorar los accesos y la libre transitabilidad de remises y ambulancias por el barrio, como as\u00ed tambi\u00e9n incrementar algunos servicios y la creaci\u00f3n de espacios para pr\u00e1cticas recreativas o deportivas.<\/p>\n\n\n\n<p><strong>Postergaci\u00f3n<\/strong><\/p>\n\n\n\n<p>\u201cEs un barrio bastante postergado, con muchos problemas estructurales y ac\u00e1 estamos trabajando en el territorio\u201d indic\u00f3 el intendente Azcu\u00e9, a\u00f1adiendo que lo acompa\u00f1aron equipos de la Secretar\u00eda de Desarrollo Humano y de Atenci\u00f3n Ciudadana.<\/p>\n\n\n\n<p>Al igual que se viene haciendo en otros sectores de la ciudad, Azcu\u00e9 se\u00f1al\u00f3 que lo m\u00e1s importante \u201ces dialogar con los vecinos porque nos interesa mucho trabajar con las comisiones vecinales, ya que vemos que ellos mismos tienen muchas ganas de mejorar y de salir adelante\u201d.<\/p>\n\n\n\n<p><strong>Gesti\u00f3n y cambio de paradigma<\/strong><\/p>\n\n\n\n<p>El Presidente Municipal remarc\u00f3 que las estructuras se rompen cuando se sale al territorio \u201ctal como nos ha pedido el gobernador Rogelio Frigerio, que estemos en la calle, con la gente\u201d haciendo hincapi\u00e9 en la inclusi\u00f3n de distintos \u00e1mbitos como pueden ser \u201cel deporte, la educaci\u00f3n y la cultura porque son verdaderas herramientas de transformaci\u00f3n\u201d.<\/p>\n\n\n\n<p>Estas acciones \u201cresponden a eso, a salir a los barrios, a abrazar a nuestra comunidad y trabajar juntos porque realmente tenemos una ciudad maravillosa, con mucho potencial, con gente que entiende que nosotros venimos a cambiar el paradigma y queremos reivindicar la cultura del esfuerzo y del trabajo\u201d.<\/p>\n","protected":false},"excerpt":{"rendered":"<p>Durante la ma&ntilde;ana de este viernes, el intendente Francisco Azcu&eacute; volvi&oacute; a recorrer otro barrio de la zona noroeste de Concordia. La premisa fue escuchar las necesidades de sus habitantes, de forma directa y sin intermediarios. Junto a los equipos t&eacute;cnicos de la Municipalidad y con la premisa de una gesti&oacute;n activa, el intendente recorri&oacute; [&hellip;]<\/p>\n","protected":false},"author":2,"featured_media":6161,"comment_status":"open","ping_status":"open","sticky":false,"template":"","format":"standard","meta":{"footnotes":""},"categories":[176,8],"tags":[398,497],"class_list":["post-6159","post","type-post","status-publish","format-standard","has-post-thumbnail","hentry","category-politica","category-provinciales","tag-concordia","tag-francisco-azcue-2"],"_links":{"self":[{"href":"https:\/\/partediario.com.ar\/index.php?rest_route=\/wp\/v2\/posts\/6159","targetHints":{"allow":["GET"]}}],"collection":[{"href":"https:\/\/partediario.com.ar\/index.php?rest_route=\/wp\/v2\/posts"}],"about":[{"href":"https:\/\/partediario.com.ar\/index.php?rest_route=\/wp\/v2\/types\/post"}],"author":[{"embeddable":true,"href":"https:\/\/partediario.com.ar\/index.php?rest_route=\/wp\/v2\/users\/2"}],"replies":[{"embeddable":true,"href":"https:\/\/partediario.com.ar\/index.php?rest_route=%2Fwp%2Fv2%2Fcomments&post=6159"}],"version-history":[{"count":1,"href":"https:\/\/partediario.com.ar\/index.php?rest_route=\/wp\/v2\/posts\/6159\/revisions"}],"predecessor-version":[{"id":6162,"href":"https:\/\/partediario.com.ar\/index.php?rest_route=\/wp\/v2\/posts\/6159\/revisions\/6162"}],"wp:featuredmedia":[{"embeddable":true,"href":"https:\/\/partediario.com.ar\/index.php?rest_route=\/wp\/v2\/media\/6161"}],"wp:attachment":[{"href":"https:\/\/partediario.com.ar\/index.php?rest_route=%2Fwp%2Fv2%2Fmedia&parent=6159"}],"wp:term":[{"taxonomy":"category","embeddable":true,"href":"https:\/\/partediario.com.ar\/index.php?rest_route=%2Fwp%2Fv2%2Fcategories&post=6159"},{"taxonomy":"post_tag","embeddable":true,"href":"https:\/\/partediario.com.ar\/index.php?rest_route=%2Fwp%2Fv2%2Ftags&post=6159"}],"curies":[{"name":"wp","href":"https:\/\/api.w.org\/{rel}","templated":true}]}}