{"id":6163,"date":"2024-08-17T12:00:12","date_gmt":"2024-08-17T15:00:12","guid":{"rendered":"https:\/\/partediario.com.ar\/?p=6163"},"modified":"2024-08-17T12:01:43","modified_gmt":"2024-08-17T15:01:43","slug":"se-dio-a-conocer-un-nuevo-parte-medico-oficial-sobre-la-salud-del-periodista-jorge-lanata","status":"publish","type":"post","link":"https:\/\/partediario.com.ar\/?p=6163","title":{"rendered":"Se dio a conocer un nuevo parte m\u00e9dico oficial sobre la salud del periodista Jorge Lanata"},"content":{"rendered":"\n<h3 class=\"wp-block-heading\"><strong>El reconocido periodista se encuentra internado en el centro de salud desde junio bajo estricto tratamiento.<\/strong><\/h3>\n\n\n\n<p>Jorge Lanata se encuentra internado desde junio en el Hospital Italiano. En las \u00faltimas horas, las autoridades del centro m\u00e9dico hicieron p\u00fablico el parte m\u00e9dico oficial del periodista para llevar tranquilidad sobre su salud. Fue la esposa del periodista, Elba Marcovecchio, la encargada de compartir el documento a trav\u00e9s de las redes sociales.<\/p>\n\n\n\n<p><\/p>\n\n\n\n<figure class=\"wp-block-image size-full\"><img loading=\"lazy\" decoding=\"async\" width=\"595\" height=\"823\" src=\"https:\/\/partediario.com.ar\/wp-content\/uploads\/scrnli_17_8_2024_11-48-13.png\" alt=\"\" class=\"wp-image-6165\" srcset=\"https:\/\/partediario.com.ar\/wp-content\/uploads\/scrnli_17_8_2024_11-48-13.png 595w, https:\/\/partediario.com.ar\/wp-content\/uploads\/scrnli_17_8_2024_11-48-13-217x300.png 217w\" sizes=\"auto, (max-width: 595px) 100vw, 595px\" \/><\/figure>\n\n\n\n<p><\/p>\n\n\n\n<p>\u201cEl paciente Jorge Ernesto Lanata contin\u00faa su internaci\u00f3n en la Unidad de Terapia Intensiva del Hospital Italiano de Buenos Aires. Actualmente se encuentra en estudio por encefalopat\u00eda y presenta un leve deterioro de la funci\u00f3n renal, aunque no requiere soporte dial\u00edtico por el momento\u201d, se\u00f1ala el informe.<\/p>\n\n\n\n<p>Y a\u00f1ade: \u201cEl paciente persiste en proceso de desvinculaci\u00f3n de la ventilaci\u00f3n mec\u00e1nica. Est\u00e1 traqueotomizado y no tiene infecciones activas. Se encuentra hemodin\u00e1micamente compensado y contin\u00faa con la rehabilitaci\u00f3n kinesiol\u00f3gica y respiratoria\u201d. Finalizando, desde la direcci\u00f3n m\u00e9dica de la instituci\u00f3n adelantaron que el periodista iba a continuar internado en la Unidad de Cuidados Intensivos.<\/p>\n\n\n\n<p>Acompa\u00f1ando la publicaci\u00f3n que hizo en sus historias, Elba Marcovecchio escribi\u00f3: \u201cCon la \u00e9tica y el compromiso con la verdad con que Jorge se maneja al informar, les comparto el parte m\u00e9dico. Gracias al cari\u00f1o de la gente y al profesionalismo del Hospital Italiano\u201d.<\/p>\n\n\n\n<p><strong>Las hijas de Lanata compartieron un comunicado<\/strong><\/p>\n\n\n\n<p><\/p>\n\n\n\n<blockquote class=\"twitter-tweet\"><p lang=\"es\" dir=\"ltr\">Barbi y Lola Lanata \ud83d\udc47\u2665\ufe0f <a href=\"https:\/\/t.co\/iK51Bl8ekm\">pic.twitter.com\/iK51Bl8ekm<\/a><\/p>&mdash; Sara Stewart Brown \uea00 (@Kiwita) <a href=\"https:\/\/twitter.com\/Kiwita\/status\/1824261268212990285?ref_src=twsrc%5Etfw\">August 16, 2024<\/a><\/blockquote> <script async src=\"https:\/\/platform.twitter.com\/widgets.js\" charset=\"utf-8\"><\/script>\n\n\n\n<p><\/p>\n\n\n\n<p>Ayer, Sara Stewart Brown comparti\u00f3 un comunicado sobre la salud de su exesposo Jorge Lanata. El mensaje lleva la firma de B\u00e1rbara y Lola, las dos hijas del periodista, quienes sintieron la necesidad de aclarar la situaci\u00f3n ante algunas versiones que estuvieron circulando en las \u00faltimas horas.<\/p>\n\n\n\n<p>\u201cNo solemos hacer esto porque no nos gusta hablar de nuestra vida privada, pero debido a la cantidad de versiones que circulan queremos aclarar: pap\u00e1 no est\u00e1 intubado. Est\u00e1 estable, despierto y sin riesgo de vida\u201d, se\u00f1alaron.<\/p>\n\n\n\n<p>Sobre c\u00f3mo evoluciona el conductor, informaron: \u201cNos reconoce y contesta como puede. Obviamente, tiene d\u00edas mejores y d\u00edas peores, pero de a poco, est\u00e1 aprendiendo a respirar de nuevo por sus propios medios. Si bien tiene una traqueotom\u00eda, ya aguanta m\u00e1s de 12 horas desconectado\u201d.<\/p>\n\n\n\n<p>\u201cDe a poco va haciendo ejercicios de kinesiolog\u00eda y desde hace una semana pasa un par de horas al d\u00eda sentado\u201d, indicaron. Respecto a las visitas que recibe Lanata, Lola y B\u00e1rbara se\u00f1alaron: \u201cNosotras vamos siempre, tambi\u00e9n lo hacen algunas personas cercanas\u201d.<\/p>\n\n\n\n<p>Luego precisaron lo que estuvo haciendo este jueves: \u201cPas\u00f3 la tarde sentado y acompa\u00f1ado por Kiwi (Sara Stewart Brown) y amigas de la familia. Nos turnamos para que est\u00e9 siempre acompa\u00f1ado\u201d.<\/p>\n\n\n\n<p>\u201cTal como se coment\u00f3 en el programa de radio, si todo sigue como ahora, la idea es que en unas semanas se traslade a un centro de rehabilitaci\u00f3n para terminar de recuperarse\u201d, anticiparon sobre los pasos a futuro en la recuperaci\u00f3n del periodista.<\/p>\n","protected":false},"excerpt":{"rendered":"<p>El reconocido periodista se encuentra internado en el centro de salud desde junio bajo estricto tratamiento. Jorge Lanata se encuentra internado desde junio en el Hospital Italiano. En las &uacute;ltimas horas, las autoridades del centro m&eacute;dico hicieron p&uacute;blico el parte m&eacute;dico oficial del periodista para llevar tranquilidad sobre su salud. Fue la esposa del periodista, [&hellip;]<\/p>\n","protected":false},"author":2,"featured_media":6164,"comment_status":"open","ping_status":"open","sticky":false,"template":"","format":"standard","meta":{"footnotes":""},"categories":[5,176],"tags":[541,2652],"class_list":["post-6163","post","type-post","status-publish","format-standard","has-post-thumbnail","hentry","category-nacionales","category-politica","tag-jorge-lanata","tag-parte-medico"],"_links":{"self":[{"href":"https:\/\/partediario.com.ar\/index.php?rest_route=\/wp\/v2\/posts\/6163","targetHints":{"allow":["GET"]}}],"collection":[{"href":"https:\/\/partediario.com.ar\/index.php?rest_route=\/wp\/v2\/posts"}],"about":[{"href":"https:\/\/partediario.com.ar\/index.php?rest_route=\/wp\/v2\/types\/post"}],"author":[{"embeddable":true,"href":"https:\/\/partediario.com.ar\/index.php?rest_route=\/wp\/v2\/users\/2"}],"replies":[{"embeddable":true,"href":"https:\/\/partediario.com.ar\/index.php?rest_route=%2Fwp%2Fv2%2Fcomments&post=6163"}],"version-history":[{"count":1,"href":"https:\/\/partediario.com.ar\/index.php?rest_route=\/wp\/v2\/posts\/6163\/revisions"}],"predecessor-version":[{"id":6166,"href":"https:\/\/partediario.com.ar\/index.php?rest_route=\/wp\/v2\/posts\/6163\/revisions\/6166"}],"wp:featuredmedia":[{"embeddable":true,"href":"https:\/\/partediario.com.ar\/index.php?rest_route=\/wp\/v2\/media\/6164"}],"wp:attachment":[{"href":"https:\/\/partediario.com.ar\/index.php?rest_route=%2Fwp%2Fv2%2Fmedia&parent=6163"}],"wp:term":[{"taxonomy":"category","embeddable":true,"href":"https:\/\/partediario.com.ar\/index.php?rest_route=%2Fwp%2Fv2%2Fcategories&post=6163"},{"taxonomy":"post_tag","embeddable":true,"href":"https:\/\/partediario.com.ar\/index.php?rest_route=%2Fwp%2Fv2%2Ftags&post=6163"}],"curies":[{"name":"wp","href":"https:\/\/api.w.org\/{rel}","templated":true}]}}