{"id":6182,"date":"2024-08-17T20:02:35","date_gmt":"2024-08-17T23:02:35","guid":{"rendered":"https:\/\/partediario.com.ar\/?p=6182"},"modified":"2024-08-17T20:02:40","modified_gmt":"2024-08-17T23:02:40","slug":"tajante-analisis-de-un-exdirector-del-fmi-sobre-una-futura-devaluacion","status":"publish","type":"post","link":"https:\/\/partediario.com.ar\/?p=6182","title":{"rendered":"Tajante an\u00e1lisis de un exdirector del FMI sobre una futura devaluaci\u00f3n"},"content":{"rendered":"\n<h3 class=\"wp-block-heading\">Claudio Loser afirm\u00f3 que aunque lo niegue, el Gobierno nacional realizar\u00e1 alg\u00fan tipo de ajuste en el valor del d\u00f3lar y asegur\u00f3 que la negativa a hacerlo retrasa la reactivaci\u00f3n.<\/h3>\n\n\n\n<p>El exdirector del FMI y actual presidente ejecutivo de Centennial Group Latinoam\u00e9rica, Claudio Loser, critic\u00f3 la pol\u00edtica de Javier Milei de aferrarse a la idea de no devaluar y asever\u00f3 que \u00abun ajuste es necesario\u00bb.<\/p>\n\n\n\n<p>En una entrevista a la agencia de noticias NA, manifest\u00f3 que aunque no aboga por una devaluaci\u00f3n abrupta del 30 o 40%, una mayor depreciaci\u00f3n mensual es necesaria para equilibrar la econom\u00eda y advirti\u00f3 que en su experiencia, cuando el gobierno niega la posibilidad de tocar el tipo de cambio, es probable que eventualmente lo haga: \u00abtiene que haber alg\u00fan tipo de ajuste\u00bb, concluy\u00f3.<\/p>\n\n\n\n<p>En cuanto a la inflaci\u00f3n, que en julio se registr\u00f3 en un 4%, Loser consider\u00f3 que si bien es positivo que haya una tendencia a la baja, \u00abel tipo de cambio en este momento no est\u00e1 ayudando a la reactivaci\u00f3n\u00bb.<\/p>\n\n\n\n<p>Asimismo critic\u00f3 la estrategia del Banco Central de las \u00faltimas semanas, que ha involucrado grandes esfuerzos y recursos para reducir la brecha cambiaria, sin lograr resultados significativos: \u00abSe est\u00e1n malgastando los d\u00f3lares que se hab\u00edan juntado para reducir esa brecha\u00bb, se\u00f1al\u00f3.<\/p>\n\n\n\n<p>Hizo una comparaci\u00f3n entre la situaci\u00f3n actual con las pol\u00edticas del gobierno anterior y sugiri\u00f3 que, aunque las estrategias son diferentes, el resultado es similar: un intento fallido de controlar la brecha cambiaria mediante la venta de d\u00f3lares. \u00abSe est\u00e1n gastando p\u00f3lvora en mangos\u00bb, apunt\u00f3.<\/p>\n\n\n\n<p>En favor del panorama inversor, Loser admiti\u00f3 que hay optimismo: \u00abHay gran expectativa, pero tanto los grandes fondos de inversi\u00f3n como los argentinos que tienen montos de d\u00f3lares en el exterior est\u00e1n esperando ver una ruta clara\u00bb, asegur\u00f3, haciendo referencia a las pol\u00edticas de eliminaci\u00f3n de restricciones a las importaciones y exportaciones.<\/p>\n\n\n\n<p>El economista subray\u00f3 la incertidumbre que generan las pr\u00f3ximas elecciones en los Estados Unidos, de las cuales depende cualquier nuevo acuerdo con el FMI: \u00abEste programa en donde est\u00e1 la Argentina en realidad termina en el mes de noviembre\u00bb, por lo que todo depende de la asunci\u00f3n de un nuevo gobierno para el pa\u00eds norteamericano.<\/p>\n\n\n\n<p>Aunque reconoci\u00f3 tener un \u00absesgo anti-Trump\u00bb, indic\u00f3 que \u00abla visi\u00f3n econ\u00f3mica de Milei no tiene nada que ver\u00bb, y destac\u00f3 las diferencias entre ambos l\u00edderes a lo que subray\u00f3 que \u00abha cambiado totalmente la expectativa pol\u00edtica en Estados Unidos\u00bb desde que Kamala Harris asumi\u00f3 un rol m\u00e1s prominente en la campa\u00f1a dem\u00f3crata.<\/p>\n\n\n\n<p>Sin embargo, destac\u00f3 que \u00abhay una voluntad pol\u00edtica que nunca hab\u00eda visto en este siglo en la Argentina\u00bb, en referencia al enfoque del presidente Milei, y que esto podr\u00eda ser un factor clave para futuras negociaciones con el organismo internacional.<\/p>\n","protected":false},"excerpt":{"rendered":"<p>Claudio Loser afirm&oacute; que aunque lo niegue, el Gobierno nacional realizar&aacute; alg&uacute;n tipo de ajuste en el valor del d&oacute;lar y asegur&oacute; que la negativa a hacerlo retrasa la reactivaci&oacute;n. El exdirector del FMI y actual presidente ejecutivo de Centennial Group Latinoam&eacute;rica, Claudio Loser, critic&oacute; la pol&iacute;tica de Javier Milei de aferrarse a la idea [&hellip;]<\/p>\n","protected":false},"author":2,"featured_media":6183,"comment_status":"open","ping_status":"open","sticky":false,"template":"","format":"standard","meta":{"footnotes":""},"categories":[5,176],"tags":[2662,2663,857,626,232],"class_list":["post-6182","post","type-post","status-publish","format-standard","has-post-thumbnail","hentry","category-nacionales","category-politica","tag-claudio-loser","tag-devaluacion","tag-donald-trump","tag-fmi","tag-javier-milei"],"_links":{"self":[{"href":"https:\/\/partediario.com.ar\/index.php?rest_route=\/wp\/v2\/posts\/6182","targetHints":{"allow":["GET"]}}],"collection":[{"href":"https:\/\/partediario.com.ar\/index.php?rest_route=\/wp\/v2\/posts"}],"about":[{"href":"https:\/\/partediario.com.ar\/index.php?rest_route=\/wp\/v2\/types\/post"}],"author":[{"embeddable":true,"href":"https:\/\/partediario.com.ar\/index.php?rest_route=\/wp\/v2\/users\/2"}],"replies":[{"embeddable":true,"href":"https:\/\/partediario.com.ar\/index.php?rest_route=%2Fwp%2Fv2%2Fcomments&post=6182"}],"version-history":[{"count":1,"href":"https:\/\/partediario.com.ar\/index.php?rest_route=\/wp\/v2\/posts\/6182\/revisions"}],"predecessor-version":[{"id":6184,"href":"https:\/\/partediario.com.ar\/index.php?rest_route=\/wp\/v2\/posts\/6182\/revisions\/6184"}],"wp:featuredmedia":[{"embeddable":true,"href":"https:\/\/partediario.com.ar\/index.php?rest_route=\/wp\/v2\/media\/6183"}],"wp:attachment":[{"href":"https:\/\/partediario.com.ar\/index.php?rest_route=%2Fwp%2Fv2%2Fmedia&parent=6182"}],"wp:term":[{"taxonomy":"category","embeddable":true,"href":"https:\/\/partediario.com.ar\/index.php?rest_route=%2Fwp%2Fv2%2Fcategories&post=6182"},{"taxonomy":"post_tag","embeddable":true,"href":"https:\/\/partediario.com.ar\/index.php?rest_route=%2Fwp%2Fv2%2Ftags&post=6182"}],"curies":[{"name":"wp","href":"https:\/\/api.w.org\/{rel}","templated":true}]}}