{"id":6205,"date":"2024-08-18T11:20:20","date_gmt":"2024-08-18T14:20:20","guid":{"rendered":"https:\/\/partediario.com.ar\/?p=6205"},"modified":"2024-08-18T11:20:20","modified_gmt":"2024-08-18T14:20:20","slug":"santa-elena-celebro-a-su-patrona","status":"publish","type":"post","link":"https:\/\/partediario.com.ar\/?p=6205","title":{"rendered":"Santa Elena celebr\u00f3 a su Patrona"},"content":{"rendered":"\n<h3 class=\"wp-block-heading\">El 18 de agosto, vecinos y vecinas de la ciudad se encontraron en torno a la figura de Elena, una mujer de fe, solidaridad y compromiso con su tiempo y con su gente.<\/h3>\n\n\n\n<p>Las circunstancias y la historia la hicieron parte de la identidad de una ciudad, su protectora y gu\u00eda en cada momento.<\/p>\n\n\n\n<p><\/p>\n\n\n\n<figure class=\"wp-block-image size-large\"><img loading=\"lazy\" decoding=\"async\" width=\"683\" height=\"1024\" src=\"https:\/\/partediario.com.ar\/wp-content\/uploads\/455884318_913249394180150_1440824341755571193_n-683x1024.jpg\" alt=\"\" class=\"wp-image-6208\" srcset=\"https:\/\/partediario.com.ar\/wp-content\/uploads\/455884318_913249394180150_1440824341755571193_n-683x1024.jpg 683w, https:\/\/partediario.com.ar\/wp-content\/uploads\/455884318_913249394180150_1440824341755571193_n-200x300.jpg 200w, https:\/\/partediario.com.ar\/wp-content\/uploads\/455884318_913249394180150_1440824341755571193_n-768x1151.jpg 768w, https:\/\/partediario.com.ar\/wp-content\/uploads\/455884318_913249394180150_1440824341755571193_n-1025x1536.jpg 1025w, https:\/\/partediario.com.ar\/wp-content\/uploads\/455884318_913249394180150_1440824341755571193_n.jpg 1366w\" sizes=\"auto, (max-width: 683px) 100vw, 683px\" \/><\/figure>\n\n\n\n<p><\/p>\n\n\n\n<p><\/p>\n\n\n\n<figure class=\"wp-block-image size-large\"><img loading=\"lazy\" decoding=\"async\" width=\"683\" height=\"1024\" src=\"https:\/\/partediario.com.ar\/wp-content\/uploads\/455964404_913365994168490_1039753885691665233_n-683x1024.jpg\" alt=\"\" class=\"wp-image-6206\" srcset=\"https:\/\/partediario.com.ar\/wp-content\/uploads\/455964404_913365994168490_1039753885691665233_n-683x1024.jpg 683w, https:\/\/partediario.com.ar\/wp-content\/uploads\/455964404_913365994168490_1039753885691665233_n-200x300.jpg 200w, https:\/\/partediario.com.ar\/wp-content\/uploads\/455964404_913365994168490_1039753885691665233_n-768x1151.jpg 768w, https:\/\/partediario.com.ar\/wp-content\/uploads\/455964404_913365994168490_1039753885691665233_n-1025x1536.jpg 1025w, https:\/\/partediario.com.ar\/wp-content\/uploads\/455964404_913365994168490_1039753885691665233_n.jpg 1366w\" sizes=\"auto, (max-width: 683px) 100vw, 683px\" \/><\/figure>\n\n\n\n<p><\/p>\n\n\n\n<p><\/p>\n\n\n\n<figure class=\"wp-block-image size-large\"><img loading=\"lazy\" decoding=\"async\" width=\"683\" height=\"1024\" src=\"https:\/\/partediario.com.ar\/wp-content\/uploads\/456100643_913365954168494_2581657478607236445_n-683x1024.jpg\" alt=\"\" class=\"wp-image-6207\" srcset=\"https:\/\/partediario.com.ar\/wp-content\/uploads\/456100643_913365954168494_2581657478607236445_n-683x1024.jpg 683w, https:\/\/partediario.com.ar\/wp-content\/uploads\/456100643_913365954168494_2581657478607236445_n-200x300.jpg 200w, https:\/\/partediario.com.ar\/wp-content\/uploads\/456100643_913365954168494_2581657478607236445_n-768x1151.jpg 768w, https:\/\/partediario.com.ar\/wp-content\/uploads\/456100643_913365954168494_2581657478607236445_n-1025x1536.jpg 1025w, https:\/\/partediario.com.ar\/wp-content\/uploads\/456100643_913365954168494_2581657478607236445_n.jpg 1366w\" sizes=\"auto, (max-width: 683px) 100vw, 683px\" \/><\/figure>\n\n\n\n<p><\/p>\n\n\n\n<p><\/p>\n\n\n\n<p>Su vida nos habla de la tenacidad y compromiso en su rol de gobierno, siendo Emperatriz del Imperio Romano y una de las mujeres m\u00e1s influyentes del mundo, sin embargo, prevaleci\u00f3 siempre en ella la humildad, solidaridad y amor por las personas, adem\u00e1s de su personalidad inquieta y buscadora de la verdad.<\/p>\n\n\n\n<p>En cada generaci\u00f3n santaelenense esta fecha mueve sentimientos de gratitud, reflexi\u00f3n y familiaridad, por ello el Gobierno Municipal desea a cada vecina y vecino un muy \u00a1Fel\u00edz D\u00eda!<\/p>\n\n\n\n<p>La vigilia patronal, se desarroll\u00f3 con n\u00fameros art\u00edsticos y una procesi\u00f3n desde el Templo Hist\u00f3rico, entre otros eventos destacados.<\/p>\n","protected":false},"excerpt":{"rendered":"<p>El 18 de agosto, vecinos y vecinas de la ciudad se encontraron en torno a la figura de Elena, una mujer de fe, solidaridad y compromiso con su tiempo y con su gente. Las circunstancias y la historia la hicieron parte de la identidad de una ciudad, su protectora y gu&iacute;a en cada momento. Su [&hellip;]<\/p>\n","protected":false},"author":2,"featured_media":6209,"comment_status":"open","ping_status":"open","sticky":false,"template":"","format":"standard","meta":{"footnotes":""},"categories":[8,726],"tags":[2676,2675,207],"class_list":["post-6205","post","type-post","status-publish","format-standard","has-post-thumbnail","hentry","category-provinciales","category-sociedad","tag-celebracion","tag-patrona","tag-santa-elena"],"_links":{"self":[{"href":"https:\/\/partediario.com.ar\/index.php?rest_route=\/wp\/v2\/posts\/6205","targetHints":{"allow":["GET"]}}],"collection":[{"href":"https:\/\/partediario.com.ar\/index.php?rest_route=\/wp\/v2\/posts"}],"about":[{"href":"https:\/\/partediario.com.ar\/index.php?rest_route=\/wp\/v2\/types\/post"}],"author":[{"embeddable":true,"href":"https:\/\/partediario.com.ar\/index.php?rest_route=\/wp\/v2\/users\/2"}],"replies":[{"embeddable":true,"href":"https:\/\/partediario.com.ar\/index.php?rest_route=%2Fwp%2Fv2%2Fcomments&post=6205"}],"version-history":[{"count":1,"href":"https:\/\/partediario.com.ar\/index.php?rest_route=\/wp\/v2\/posts\/6205\/revisions"}],"predecessor-version":[{"id":6210,"href":"https:\/\/partediario.com.ar\/index.php?rest_route=\/wp\/v2\/posts\/6205\/revisions\/6210"}],"wp:featuredmedia":[{"embeddable":true,"href":"https:\/\/partediario.com.ar\/index.php?rest_route=\/wp\/v2\/media\/6209"}],"wp:attachment":[{"href":"https:\/\/partediario.com.ar\/index.php?rest_route=%2Fwp%2Fv2%2Fmedia&parent=6205"}],"wp:term":[{"taxonomy":"category","embeddable":true,"href":"https:\/\/partediario.com.ar\/index.php?rest_route=%2Fwp%2Fv2%2Fcategories&post=6205"},{"taxonomy":"post_tag","embeddable":true,"href":"https:\/\/partediario.com.ar\/index.php?rest_route=%2Fwp%2Fv2%2Ftags&post=6205"}],"curies":[{"name":"wp","href":"https:\/\/api.w.org\/{rel}","templated":true}]}}