{"id":6228,"date":"2024-08-18T20:09:19","date_gmt":"2024-08-18T23:09:19","guid":{"rendered":"https:\/\/partediario.com.ar\/?p=6228"},"modified":"2024-08-18T20:09:19","modified_gmt":"2024-08-18T23:09:19","slug":"gallardo-incorpora-a-marcos-acuna-y-sera-el-nuevo-refuerzo-de-river","status":"publish","type":"post","link":"https:\/\/partediario.com.ar\/?p=6228","title":{"rendered":"Gallardo incorpora a Marcos Acu\u00f1a y ser\u00e1 el nuevo refuerzo de River"},"content":{"rendered":"\n<h3 class=\"wp-block-heading\">El lateral de la Selecci\u00f3n Argentina y el Sevilla llevaron a cabo una negociaci\u00f3n en silencio y ser\u00e1 a pedido del \u00abmu\u00f1eco\u00bb, la nueva incorporaci\u00f3n del Millonario en este mercado de pases.<\/h3>\n\n\n\n<p>Tras el empate por 1-1 con Gimnasia de La Plata, Marcelo Gallardo dej\u00f3 en claro que River a\u00fan no se retira del mercado de pases. Y en el club de N\u00fa\u00f1ez est\u00e1n a la expectativas ante otro posible bombazo: Marcos Acu\u00f1a podr\u00eda ser el nuevo refuerzo.<\/p>\n\n\n\n<p>El representante del \u00abHuevo\u00bb, m\u00faltiple campe\u00f3n con la Selecci\u00f3n Argentina y actual futbolista del Sevilla, se comunic\u00f3 con los directivos del Millonario para darles luz verde por parte del futbolista para avanzar si as\u00ed lo desean.<\/p>\n\n\n\n<p>A su vez, el propio Marcelo Gallardo llam\u00f3 al lateral izquierdo y este habr\u00eda dado su conformidad para que inicien las charlas entre los clubes. Adem\u00e1s trascendi\u00f3 que la familia Acu\u00f1a no ve con malos ojos retornar a Argentina, ya que dejaron el pa\u00eds en 2017 cuando el oriundo Zapala dej\u00f3 Racing para sumarse a Sporting Club de Portugal. Ahora River Plate tendr\u00e1 que negociar con el Sevilla Futbol Club, ya que todav\u00eda no se present\u00f3 una oferta formal y reci\u00e9n iniciaron las charlas informales.<\/p>\n\n\n\n<p>De todas formas, el lateral de 32 a\u00f1os a\u00fan tiene v\u00ednculo hasta junio de 2025 con el equipo andaluz. Y, a su vez, su llegada tambi\u00e9n depende de si River avanza a cuartos de final en la Copa Libertadores (el equipo de Gallardo se impuso por 1-0 en la ida ante Talleres en C\u00f3rdoba y disputar\u00e1 la revancha este mi\u00e9rcoles en el Monumental).<\/p>\n\n\n\n<p>Marcos Acu\u00f1a, quien disput\u00f3 dos partidos con la Selecci\u00f3n Argentina en la Copa Am\u00e9rica antes de sufrir una lesi\u00f3n muscular, no estuvo entre los convocados para el duelo contra UD Las Palmas (empate por 2-2), el viernes en el debut en La Liga de Espa\u00f1a. Si las negociaciones avanzan podr\u00eda ser otro refuerzo destacado de River.<\/p>\n","protected":false},"excerpt":{"rendered":"<p>El lateral de la Selecci&oacute;n Argentina y el Sevilla llevaron a cabo una negociaci&oacute;n en silencio y ser&aacute; a pedido del &laquo;mu&ntilde;eco&raquo;, la nueva incorporaci&oacute;n del Millonario en este mercado de pases. Tras el empate por 1-1 con Gimnasia de La Plata, Marcelo Gallardo dej&oacute; en claro que River a&uacute;n no se retira del mercado [&hellip;]<\/p>\n","protected":false},"author":2,"featured_media":6229,"comment_status":"open","ping_status":"open","sticky":false,"template":"","format":"standard","meta":{"footnotes":""},"categories":[4,5],"tags":[2682,2681,2085],"class_list":["post-6228","post","type-post","status-publish","format-standard","has-post-thumbnail","hentry","category-deportes","category-nacionales","tag-futbol-club-sevilla","tag-marcos-acuna","tag-river-plate"],"_links":{"self":[{"href":"https:\/\/partediario.com.ar\/index.php?rest_route=\/wp\/v2\/posts\/6228","targetHints":{"allow":["GET"]}}],"collection":[{"href":"https:\/\/partediario.com.ar\/index.php?rest_route=\/wp\/v2\/posts"}],"about":[{"href":"https:\/\/partediario.com.ar\/index.php?rest_route=\/wp\/v2\/types\/post"}],"author":[{"embeddable":true,"href":"https:\/\/partediario.com.ar\/index.php?rest_route=\/wp\/v2\/users\/2"}],"replies":[{"embeddable":true,"href":"https:\/\/partediario.com.ar\/index.php?rest_route=%2Fwp%2Fv2%2Fcomments&post=6228"}],"version-history":[{"count":1,"href":"https:\/\/partediario.com.ar\/index.php?rest_route=\/wp\/v2\/posts\/6228\/revisions"}],"predecessor-version":[{"id":6230,"href":"https:\/\/partediario.com.ar\/index.php?rest_route=\/wp\/v2\/posts\/6228\/revisions\/6230"}],"wp:featuredmedia":[{"embeddable":true,"href":"https:\/\/partediario.com.ar\/index.php?rest_route=\/wp\/v2\/media\/6229"}],"wp:attachment":[{"href":"https:\/\/partediario.com.ar\/index.php?rest_route=%2Fwp%2Fv2%2Fmedia&parent=6228"}],"wp:term":[{"taxonomy":"category","embeddable":true,"href":"https:\/\/partediario.com.ar\/index.php?rest_route=%2Fwp%2Fv2%2Fcategories&post=6228"},{"taxonomy":"post_tag","embeddable":true,"href":"https:\/\/partediario.com.ar\/index.php?rest_route=%2Fwp%2Fv2%2Ftags&post=6228"}],"curies":[{"name":"wp","href":"https:\/\/api.w.org\/{rel}","templated":true}]}}