{"id":6263,"date":"2024-08-19T16:31:25","date_gmt":"2024-08-19T19:31:25","guid":{"rendered":"https:\/\/partediario.com.ar\/?p=6263"},"modified":"2024-08-19T16:31:25","modified_gmt":"2024-08-19T19:31:25","slug":"quienes-puede-obtener-el-certificado-unico-de-discapacidad-sin-vencimiento","status":"publish","type":"post","link":"https:\/\/partediario.com.ar\/?p=6263","title":{"rendered":"Qui\u00e9nes puede obtener el Certificado \u00danico de Discapacidad sin vencimiento"},"content":{"rendered":"\n<h3 class=\"wp-block-heading\">La Agencia Nacional de Discapacidad aprob\u00f3 una resoluci\u00f3n que establece nuevos criterios para la emisi\u00f3n del CUD sin vencimiento.<\/h3>\n\n\n\n<p>El nuevo enfoque reconoce que la discapacidad es un concepto din\u00e1mico, influenciado por la interacci\u00f3n entre las dificultades de una persona y las barreras del entorno.<\/p>\n\n\n\n<p>El Instituto Provincial de Discapacidad de Entre R\u00edos (Iprodi) inform\u00f3 los cambios que introdujo la Agencia Nacional de Discapacidad, mediante Resoluci\u00f3n 1654, que establece nuevos criterios para la emisi\u00f3n del Certificado \u00danico de Discapacidad (CUD) sin vencimiento.<\/p>\n\n\n\n<p>Dicha resoluci\u00f3n, publicada en el Bolet\u00edn Oficial de la Rep\u00fablica Argentina el 12 de agosto, introduce \u201cun proceso m\u00e1s claro y transparente para la emisi\u00f3n del CUD\u201d. A partir de este momento, los certificados incluir\u00e1n la leyenda \u201cSin Vencimiento conforme a la Ley 27.711\u201d, simplificando los tr\u00e1mites y eliminando barreras innecesarias.<\/p>\n\n\n\n<p><strong>Podr\u00e1n requerirlo las personas que cumplan alguno de estos requisitos:<\/strong><\/p>\n\n\n\n<ul class=\"wp-block-list\">\n<li>Renovaciones Previas: Personas con dos certificados previos y un perfil constante.<\/li>\n\n\n\n<li>Personas Mayores: Aquellos mayores de 60 a\u00f1os con funciones estables por al menos 5 a\u00f1os.<\/li>\n\n\n\n<li>Necesidad de Equipamiento Permanente: Quienes requieren dispositivos constantes para preservar funciones vitales.<\/li>\n<\/ul>\n\n\n\n<p>La nueva perspectiva se\u00f1ala que la discapacidad es un concepto din\u00e1mico, influenciado por la interacci\u00f3n entre las dificultades de una persona y las barreras del entorno. Por ello, los criterios para la tramitaci\u00f3n del CUD se han ajustado para reflejar esta realidad. Las personas con discapacidad podr\u00e1n pedir la actualizaci\u00f3n de su CUD en cualquier momento o cuando ocurra un cambio significativo en su perfil.<\/p>\n","protected":false},"excerpt":{"rendered":"<p>La Agencia Nacional de Discapacidad aprob&oacute; una resoluci&oacute;n que establece nuevos criterios para la emisi&oacute;n del CUD sin vencimiento. El nuevo enfoque reconoce que la discapacidad es un concepto din&aacute;mico, influenciado por la interacci&oacute;n entre las dificultades de una persona y las barreras del entorno. El Instituto Provincial de Discapacidad de Entre R&iacute;os (Iprodi) inform&oacute; [&hellip;]<\/p>\n","protected":false},"author":2,"featured_media":6264,"comment_status":"open","ping_status":"open","sticky":false,"template":"","format":"standard","meta":{"footnotes":""},"categories":[5,176,726],"tags":[2697,2696,1267,2698],"class_list":["post-6263","post","type-post","status-publish","format-standard","has-post-thumbnail","hentry","category-nacionales","category-politica","category-sociedad","tag-certificado-unico-de-discapacidad","tag-cud","tag-sin","tag-vencimiento"],"_links":{"self":[{"href":"https:\/\/partediario.com.ar\/index.php?rest_route=\/wp\/v2\/posts\/6263","targetHints":{"allow":["GET"]}}],"collection":[{"href":"https:\/\/partediario.com.ar\/index.php?rest_route=\/wp\/v2\/posts"}],"about":[{"href":"https:\/\/partediario.com.ar\/index.php?rest_route=\/wp\/v2\/types\/post"}],"author":[{"embeddable":true,"href":"https:\/\/partediario.com.ar\/index.php?rest_route=\/wp\/v2\/users\/2"}],"replies":[{"embeddable":true,"href":"https:\/\/partediario.com.ar\/index.php?rest_route=%2Fwp%2Fv2%2Fcomments&post=6263"}],"version-history":[{"count":1,"href":"https:\/\/partediario.com.ar\/index.php?rest_route=\/wp\/v2\/posts\/6263\/revisions"}],"predecessor-version":[{"id":6265,"href":"https:\/\/partediario.com.ar\/index.php?rest_route=\/wp\/v2\/posts\/6263\/revisions\/6265"}],"wp:featuredmedia":[{"embeddable":true,"href":"https:\/\/partediario.com.ar\/index.php?rest_route=\/wp\/v2\/media\/6264"}],"wp:attachment":[{"href":"https:\/\/partediario.com.ar\/index.php?rest_route=%2Fwp%2Fv2%2Fmedia&parent=6263"}],"wp:term":[{"taxonomy":"category","embeddable":true,"href":"https:\/\/partediario.com.ar\/index.php?rest_route=%2Fwp%2Fv2%2Fcategories&post=6263"},{"taxonomy":"post_tag","embeddable":true,"href":"https:\/\/partediario.com.ar\/index.php?rest_route=%2Fwp%2Fv2%2Ftags&post=6263"}],"curies":[{"name":"wp","href":"https:\/\/api.w.org\/{rel}","templated":true}]}}