{"id":6275,"date":"2024-08-19T19:35:46","date_gmt":"2024-08-19T22:35:46","guid":{"rendered":"https:\/\/partediario.com.ar\/?p=6275"},"modified":"2024-08-19T19:36:25","modified_gmt":"2024-08-19T22:36:25","slug":"entre-rios-se-mantiene-alerta-ante-la-situacion-epidemiologica-de-la-viruela-del-mono","status":"publish","type":"post","link":"https:\/\/partediario.com.ar\/?p=6275","title":{"rendered":"Entre R\u00edos se mantiene alerta ante la situaci\u00f3n epidemiol\u00f3gica de la Viruela del Mono"},"content":{"rendered":"\n<h3 class=\"wp-block-heading\">Tras el preocupante aumento de casos de la Viruela S\u00edmica en algunos pa\u00edses de \u00c1frica, a trav\u00e9s de una variante m\u00e1s transmisible que afecta a un rango m\u00e1s amplio de edades, incluyendo a ni\u00f1os, la OMS tom\u00f3 medidas preventivas y la cartera sanitaria entrerriana se mantiene alerta.<\/h3>\n\n\n\n<p>En lo que va del a\u00f1o se han reportado m\u00e1s de 14.000 casos en la Rep\u00fablica Democr\u00e1tica del Congo, con una mortalidad considerablemente alta en los grupos m\u00e1s vulnerables, como los ni\u00f1os menores de 15 a\u00f1os. Por ello, la Organizaci\u00f3n Mundial de la Salud (OMS) declar\u00f3 a la Viruela S\u00edmica -conocida popularmente como Viruela \u00abdel Mono\u00bb-, como una emergencia de salud p\u00fablica de importancia internacional.<\/p>\n\n\n\n<p>Es la segunda vez en dos a\u00f1os que se considera que puede convertirse en una amenaza sanitaria mundial sin embargo, en esta ocasi\u00f3n, los brotes no son consecuencia de la circulaci\u00f3n de una misma variante del virus, sino de m\u00e1s de una. En Argentina se reportaron hasta el momento ocho casos de Mpox en personas de provincia de Buenos Aires, Ciudad Aut\u00f3noma de Buenos Aires, Corrientes, Santa Fe y R\u00edo Negro. Cuatro de estos casos tienen antecedentes de viaje, mientras que los otros est\u00e1n en investigaci\u00f3n.<\/p>\n\n\n\n<p>Si bien la situaci\u00f3n epidemiol\u00f3gica en Argentina es diferente a la que se evidencia en \u00c1frica, la cartera sanitaria nacional desarrolla acciones de vigilancia epidemiol\u00f3gica para la detecci\u00f3n, diagn\u00f3stico precoz, atenci\u00f3n adecuada e implementaci\u00f3n de medidas de aislamiento y rastreo de contactos de posibles casos. A su vez, se fortalecieron las recomendaciones que reciben todos los referentes de las fronteras \u00bfde los puntos de entradas terrestres, puertos y aeropuertos\u00bf para extremar los cuidados y dar una alerta temprana cuando se identifiquen casos sospechosos.<\/p>\n\n\n\n<p><strong>Sobre la enfermedad<\/strong><\/p>\n\n\n\n<p>Desde la Direcci\u00f3n General de Epidemiolog\u00eda del Ministerio de Salud de Entre R\u00edos, el infect\u00f3logo, Francisco Astudilla, remarc\u00f3 que \u00abse trata de una enfermedad altamente contagiosa, cuyos s\u00edntomas m\u00e1s caracter\u00edsticos son las lesiones en la piel, que pueden ser costras, verrugas o manchas. Y se acompa\u00f1a de fiebre, ganglios en aumentos de tama\u00f1o, dolores musculares y articulares, y cansancio generalizado\u00bb. Asimismo, se\u00f1al\u00f3: \u00abLa transmisi\u00f3n de la Viruela del Mono durante las relaciones sexuales puede ocurrir aunque no exista penetraci\u00f3n o se use preservativo porque se da por contacto piel a piel\u00bb.<\/p>\n\n\n\n<p>En esa l\u00ednea ejemplific\u00f3 que si el paciente presenta fiebre y lesiones en la piel -las cuales est\u00e1n cargadas del virus- y saluda extendiendo una mano, en ese momento tambi\u00e9n contagia la enfermedad. En tanto que el per\u00edodo de incubaci\u00f3n suele ser de 6 a 13 d\u00edas, pero puede oscilar entre 5 y 21 d\u00edas.<\/p>\n\n\n\n<p>\u00abCuando una persona regresa de un viaje a \u00c1frica es importante preguntarle acerca de qu\u00e9 actividades realiz\u00f3, si mantuvo relaciones sexuales con alguien, o si tiene alg\u00fan contacto cercano que haya presentado s\u00edntomas\u00bb, sostuvo Astudilla y agreg\u00f3: \u00abAnte cualquier s\u00edntoma positivo el paciente se tiene que aislar entre 10 a 14 d\u00edas porque es lo que puede durar la enfermedad\u00bb.<\/p>\n\n\n\n<p>Finalmente, en cuanto al abordaje m\u00e9dico el especialista subray\u00f3 que \u00abno hay tratamiento espec\u00edfico, pero s\u00ed se tratan los s\u00edntomas con paracetamol y el aislamiento\u00bb. Es importante el diagn\u00f3stico, y el tratamiento para no derivar en complicaciones que pueden afectar varios \u00f3rganos, principalmente el cerebro y el h\u00edgado.<\/p>\n","protected":false},"excerpt":{"rendered":"<p>Tras el preocupante aumento de casos de la Viruela S&iacute;mica en algunos pa&iacute;ses de &Aacute;frica, a trav&eacute;s de una variante m&aacute;s transmisible que afecta a un rango m&aacute;s amplio de edades, incluyendo a ni&ntilde;os, la OMS tom&oacute; medidas preventivas y la cartera sanitaria entrerriana se mantiene alerta. En lo que va del a&ntilde;o se han [&hellip;]<\/p>\n","protected":false},"author":2,"featured_media":6276,"comment_status":"open","ping_status":"open","sticky":false,"template":"","format":"standard","meta":{"footnotes":""},"categories":[8,726],"tags":[257,2679],"class_list":["post-6275","post","type-post","status-publish","format-standard","has-post-thumbnail","hentry","category-provinciales","category-sociedad","tag-entre-rios","tag-viruela-del-mono"],"_links":{"self":[{"href":"https:\/\/partediario.com.ar\/index.php?rest_route=\/wp\/v2\/posts\/6275","targetHints":{"allow":["GET"]}}],"collection":[{"href":"https:\/\/partediario.com.ar\/index.php?rest_route=\/wp\/v2\/posts"}],"about":[{"href":"https:\/\/partediario.com.ar\/index.php?rest_route=\/wp\/v2\/types\/post"}],"author":[{"embeddable":true,"href":"https:\/\/partediario.com.ar\/index.php?rest_route=\/wp\/v2\/users\/2"}],"replies":[{"embeddable":true,"href":"https:\/\/partediario.com.ar\/index.php?rest_route=%2Fwp%2Fv2%2Fcomments&post=6275"}],"version-history":[{"count":1,"href":"https:\/\/partediario.com.ar\/index.php?rest_route=\/wp\/v2\/posts\/6275\/revisions"}],"predecessor-version":[{"id":6277,"href":"https:\/\/partediario.com.ar\/index.php?rest_route=\/wp\/v2\/posts\/6275\/revisions\/6277"}],"wp:featuredmedia":[{"embeddable":true,"href":"https:\/\/partediario.com.ar\/index.php?rest_route=\/wp\/v2\/media\/6276"}],"wp:attachment":[{"href":"https:\/\/partediario.com.ar\/index.php?rest_route=%2Fwp%2Fv2%2Fmedia&parent=6275"}],"wp:term":[{"taxonomy":"category","embeddable":true,"href":"https:\/\/partediario.com.ar\/index.php?rest_route=%2Fwp%2Fv2%2Fcategories&post=6275"},{"taxonomy":"post_tag","embeddable":true,"href":"https:\/\/partediario.com.ar\/index.php?rest_route=%2Fwp%2Fv2%2Ftags&post=6275"}],"curies":[{"name":"wp","href":"https:\/\/api.w.org\/{rel}","templated":true}]}}