{"id":6301,"date":"2024-08-20T10:48:37","date_gmt":"2024-08-20T13:48:37","guid":{"rendered":"https:\/\/partediario.com.ar\/?p=6301"},"modified":"2024-08-20T10:48:38","modified_gmt":"2024-08-20T13:48:38","slug":"el-gobierno-oficializo-cambios-en-la-firma-digital","status":"publish","type":"post","link":"https:\/\/partediario.com.ar\/?p=6301","title":{"rendered":"El Gobierno oficializ\u00f3 cambios en la firma digital"},"content":{"rendered":"\n<h3 class=\"wp-block-heading\">A partir de ahora, la verificaci\u00f3n de la identidad del solicitante de la r\u00fabrica pueda hacerse de forma remota.<\/h3>\n\n\n\n<p>El Gobierno ampli\u00f3 por decreto la disposici\u00f3n que regula la firma digital con el objetivo de permitir que la verificaci\u00f3n de la identidad del solicitante de la r\u00fabrica pueda hacerse de forma remota. Con anterioridad, solo se pod\u00eda realizar de manera presencial.<\/p>\n\n\n\n<p>El domingo, el ministro de Desregulaci\u00f3n y Transformaci\u00f3n del Estado, Federico Sturzenegger, anticip\u00f3 que se encontraba lista para ser publicada la modificaci\u00f3n de la normativa que, seg\u00fan expres\u00f3, permitir\u00e1 \u201cque todos los individuos puedan obtener su firma digital de manera remota, desde su casa\u201d.<\/p>\n\n\n\n<p>\u201cCualquier contrato, que antes requer\u00eda que te encontraras en un lugar para firmarlo y verificarlo, ahora podr\u00e1 hacerse de manera remota. Esto le facilitar\u00e1 la vida a mucha gente\u201d, detall\u00f3.<\/p>\n\n\n\n<p>Los cambios al decreto de firma digital que estableci\u00f3 el Gobierno<\/p>\n\n\n\n<p>La ampliaci\u00f3n fue publicada este martes mediante el decreto 743\/24 que lleva la firma del presidente Javier Milei, el jefe de Gabinete Guillermo Francos y el mencionado ministro Sturzenegger.<\/p>\n\n\n\n<p>De este modo se modifica el inciso 2 del art\u00edculo 21 del Anexo del Decreto N\u00ba 182 del 11 de marzo de 2019 que habilit\u00f3 la firma digital. Hasta ahora, el p\u00e1rrafo se\u00f1alaba que la verificaci\u00f3n de los datos de identidad deb\u00eda hacerse de manera presencial, mediante los datos biom\u00e9tricos que determinase la Secretar\u00eda de Modernizaci\u00f3n Administrativa, dependiente de la Secretar\u00eda de Gobierno de Modernizaci\u00f3n de la jefatura de Gabinete de Ministros.<\/p>\n\n\n\n<p>No obstante, a partir de la publicaci\u00f3n del nuevo decreto, la normativa queda de la siguiente manera: \u201c(\u2026) Dicha verificaci\u00f3n de identidad puede o no hacerse de manera presencial, para lo cual se deber\u00e1n emplear servicios de validaci\u00f3n de identidad en tiempo real que utilicen el confronte de datos del <strong>\u00abREGISTRO NACIONAL DE LAS PERSONAS\u00bb.<\/strong><\/p>\n\n\n\n<p>Tambi\u00e9n modifica el art\u00edculo 27 del mismo decreto 182\/19 que hasta ahora se\u00f1alaba que \u201cLa presencia f\u00edsica del solicitante ante el Certificador Licenciado o sus autoridades de registro ser\u00e1 condici\u00f3n ineludible para el cumplimiento de los tr\u00e1mites necesarios para la emisi\u00f3n del correspondiente certificado digital\u201d.<\/p>\n\n\n\n<p>A partir de este momento, la presencia f\u00edsica \u201cno ser\u00e1 condici\u00f3n ineludible para el cumplimiento de los tr\u00e1mites necesarios para la emisi\u00f3n, renovaci\u00f3n o revocaci\u00f3n del correspondiente certificado digital\u201d.<\/p>\n","protected":false},"excerpt":{"rendered":"<p>A partir de ahora, la verificaci&oacute;n de la identidad del solicitante de la r&uacute;brica pueda hacerse de forma remota. El Gobierno ampli&oacute; por decreto la disposici&oacute;n que regula la firma digital con el objetivo de permitir que la verificaci&oacute;n de la identidad del solicitante de la r&uacute;brica pueda hacerse de forma remota. Con anterioridad, solo [&hellip;]<\/p>\n","protected":false},"author":2,"featured_media":6302,"comment_status":"open","ping_status":"open","sticky":false,"template":"","format":"standard","meta":{"footnotes":""},"categories":[5,176],"tags":[1484,2716],"class_list":["post-6301","post","type-post","status-publish","format-standard","has-post-thumbnail","hentry","category-nacionales","category-politica","tag-federico-sturzenegger","tag-firma-digital"],"_links":{"self":[{"href":"https:\/\/partediario.com.ar\/index.php?rest_route=\/wp\/v2\/posts\/6301","targetHints":{"allow":["GET"]}}],"collection":[{"href":"https:\/\/partediario.com.ar\/index.php?rest_route=\/wp\/v2\/posts"}],"about":[{"href":"https:\/\/partediario.com.ar\/index.php?rest_route=\/wp\/v2\/types\/post"}],"author":[{"embeddable":true,"href":"https:\/\/partediario.com.ar\/index.php?rest_route=\/wp\/v2\/users\/2"}],"replies":[{"embeddable":true,"href":"https:\/\/partediario.com.ar\/index.php?rest_route=%2Fwp%2Fv2%2Fcomments&post=6301"}],"version-history":[{"count":1,"href":"https:\/\/partediario.com.ar\/index.php?rest_route=\/wp\/v2\/posts\/6301\/revisions"}],"predecessor-version":[{"id":6303,"href":"https:\/\/partediario.com.ar\/index.php?rest_route=\/wp\/v2\/posts\/6301\/revisions\/6303"}],"wp:featuredmedia":[{"embeddable":true,"href":"https:\/\/partediario.com.ar\/index.php?rest_route=\/wp\/v2\/media\/6302"}],"wp:attachment":[{"href":"https:\/\/partediario.com.ar\/index.php?rest_route=%2Fwp%2Fv2%2Fmedia&parent=6301"}],"wp:term":[{"taxonomy":"category","embeddable":true,"href":"https:\/\/partediario.com.ar\/index.php?rest_route=%2Fwp%2Fv2%2Fcategories&post=6301"},{"taxonomy":"post_tag","embeddable":true,"href":"https:\/\/partediario.com.ar\/index.php?rest_route=%2Fwp%2Fv2%2Ftags&post=6301"}],"curies":[{"name":"wp","href":"https:\/\/api.w.org\/{rel}","templated":true}]}}