{"id":6308,"date":"2024-08-20T12:16:47","date_gmt":"2024-08-20T15:16:47","guid":{"rendered":"https:\/\/partediario.com.ar\/?p=6308"},"modified":"2024-08-20T12:16:48","modified_gmt":"2024-08-20T15:16:48","slug":"ya-no-se-consultara-sobre-donacion-de-organos-en-el-tramite-para-la-obtencion-de-la-licencia-de-conducir-en-parana","status":"publish","type":"post","link":"https:\/\/partediario.com.ar\/?p=6308","title":{"rendered":"Ya no se consultar\u00e1 sobre donaci\u00f3n de \u00f3rganos en el tr\u00e1mite para la obtenci\u00f3n de la licencia de conducir en Paran\u00e1"},"content":{"rendered":"\n<h3 class=\"wp-block-heading\">La Municipalidad de Paran\u00e1 y el Cucaier acordaron junto a autoridades nacionales que el tr\u00e1mite en la ciudad capital no requerir\u00e1 a la persona se exprese sobre si quiere ser donante.<\/h3>\n\n\n\n<p>Por medio de un trabajo conjunto entre el Centro \u00danico Coordinador de Ablaci\u00f3n e Implante de Entre R\u00edos (Cucaier) y la Municipalidad de Paran\u00e1, se elimin\u00f3 la pregunta sobre el consentimiento para la Donaci\u00f3n de \u00d3rganos y Tejidos del formulario para obtener las licencias de conducir.<\/p>\n\n\n\n<p>Esta propuesta fue elevada y posteriormente aprobada por la Agencia Nacional de Seguridad Vial (ANSV), que convoc\u00f3 a una reuni\u00f3n al Instituto Nacional Central \u00danico de Ablaci\u00f3n e Implante (Incucai), el Centro \u00danico Coordinador de Ablaci\u00f3n e Implante de Entre R\u00edos (Cucaier), y a la Direcci\u00f3n de Habilitaci\u00f3n del Registro de Conducir de Paran\u00e1, en la cual se decidi\u00f3 y determin\u00f3 la quita de la pregunta del Sistema Nacional.<\/p>\n\n\n\n<p>Cabe destacar que la Ley Nacional N\u00ba 27.447 de \u201cTrasplante de \u00d3rganos, Tejidos y C\u00e9lulas\u201d, no habilita a los organismos municipales para ser un canal donde se pueda expresar la voluntad de donaci\u00f3n. Por este motivo, con esta acci\u00f3n se da cumplimiento a la ley y se evita la confusi\u00f3n en los ciudadanos sobre los canales legales para poder expresarse.<\/p>\n\n\n\n<p>De esta manera, se estima que la acci\u00f3n impulsada por Cucaier con el acompa\u00f1amiento de la Municipalidad de Paran\u00e1 tambi\u00e9n tenga una gran repercusi\u00f3n a nivel nacional.<\/p>\n\n\n\n<p>Mientras tanto, se recuerda que a partir de la sanci\u00f3n en 2018 de la Ley N\u00b0 27.447, toda persona mayor de 18 a\u00f1os que fallece en las condiciones de ser donante de \u00f3rganos o tejidos se considera donante, salvo que haya dejado asentada su negativa por una v\u00eda legal.<\/p>\n\n\n\n<p><strong>A continuaci\u00f3n, se detallan los canales habilitados para la toma de expresi\u00f3n de voluntad:<\/strong><\/p>\n\n\n\n<ul class=\"wp-block-list\">\n<li>-Firmando un acta: puede ser en el Incucai o en los Organismos de cualquier lugar del pa\u00eds. En Entre R\u00edos, el Cucaier.<\/li>\n\n\n\n<li>-Enviando un telegrama: se puede hacer gratuitamente en cualquier sucursal del Correo Argentino del pa\u00eds.<\/li>\n\n\n\n<li>-Con la app de <strong>MI ARGENTINA<\/strong>: creando una cuenta y validando previamente la identidad.<\/li>\n\n\n\n<li>-Al tramitar el DNI: solicitando que quede asentado en el Documento Nacional de Identidad cuando se inicia el tr\u00e1mite.<\/li>\n<\/ul>\n\n\n\n<p>Se recuerda, tambi\u00e9n que la expresi\u00f3n de voluntad es personal e intransferible y puede modificarse en cualquier momento por estos mismos canales.<\/p>\n","protected":false},"excerpt":{"rendered":"<p>La Municipalidad de Paran&aacute; y el Cucaier acordaron junto a autoridades nacionales que el tr&aacute;mite en la ciudad capital no requerir&aacute; a la persona se exprese sobre si quiere ser donante. Por medio de un trabajo conjunto entre el Centro &Uacute;nico Coordinador de Ablaci&oacute;n e Implante de Entre R&iacute;os (Cucaier) y la Municipalidad de Paran&aacute;, [&hellip;]<\/p>\n","protected":false},"author":2,"featured_media":6309,"comment_status":"open","ping_status":"open","sticky":false,"template":"","format":"standard","meta":{"footnotes":""},"categories":[6,176,8],"tags":[1734,2722,1240,1062,2721,210,1238],"class_list":["post-6308","post","type-post","status-publish","format-standard","has-post-thumbnail","hentry","category-locales","category-politica","category-provinciales","tag-ansv","tag-conducir","tag-cucaier","tag-donacion","tag-licencia","tag-municipalidad","tag-organos-2"],"_links":{"self":[{"href":"https:\/\/partediario.com.ar\/index.php?rest_route=\/wp\/v2\/posts\/6308","targetHints":{"allow":["GET"]}}],"collection":[{"href":"https:\/\/partediario.com.ar\/index.php?rest_route=\/wp\/v2\/posts"}],"about":[{"href":"https:\/\/partediario.com.ar\/index.php?rest_route=\/wp\/v2\/types\/post"}],"author":[{"embeddable":true,"href":"https:\/\/partediario.com.ar\/index.php?rest_route=\/wp\/v2\/users\/2"}],"replies":[{"embeddable":true,"href":"https:\/\/partediario.com.ar\/index.php?rest_route=%2Fwp%2Fv2%2Fcomments&post=6308"}],"version-history":[{"count":1,"href":"https:\/\/partediario.com.ar\/index.php?rest_route=\/wp\/v2\/posts\/6308\/revisions"}],"predecessor-version":[{"id":6310,"href":"https:\/\/partediario.com.ar\/index.php?rest_route=\/wp\/v2\/posts\/6308\/revisions\/6310"}],"wp:featuredmedia":[{"embeddable":true,"href":"https:\/\/partediario.com.ar\/index.php?rest_route=\/wp\/v2\/media\/6309"}],"wp:attachment":[{"href":"https:\/\/partediario.com.ar\/index.php?rest_route=%2Fwp%2Fv2%2Fmedia&parent=6308"}],"wp:term":[{"taxonomy":"category","embeddable":true,"href":"https:\/\/partediario.com.ar\/index.php?rest_route=%2Fwp%2Fv2%2Fcategories&post=6308"},{"taxonomy":"post_tag","embeddable":true,"href":"https:\/\/partediario.com.ar\/index.php?rest_route=%2Fwp%2Fv2%2Ftags&post=6308"}],"curies":[{"name":"wp","href":"https:\/\/api.w.org\/{rel}","templated":true}]}}