{"id":6327,"date":"2024-08-20T17:57:29","date_gmt":"2024-08-20T20:57:29","guid":{"rendered":"https:\/\/partediario.com.ar\/?p=6327"},"modified":"2024-08-20T17:57:29","modified_gmt":"2024-08-20T20:57:29","slug":"senalan-que-entre-el-70-y-80-de-inquilinos-estan-en-la-pobreza","status":"publish","type":"post","link":"https:\/\/partediario.com.ar\/?p=6327","title":{"rendered":"Se\u00f1alan que entre el 70% y 80% de inquilinos est\u00e1n en la pobreza"},"content":{"rendered":"\n<h3 class=\"wp-block-heading\">Desde Inquilinos Autoconvocados afirman que la canasta b\u00e1sica para las familias que deben pagar un alquiler ronda el mill\u00f3n y medio de pesos.<\/h3>\n\n\n\n<p>Con alrededor de 11 millones de inquilinos en el pa\u00eds, la Argentina afronta serias dificultades para resolver el equilibrio entre la poblaci\u00f3n que no es propietaria y debe pagar un alquiler por un lugar donde vivir y aquellas personas que son due\u00f1as de esos hogares y cobran una renta por dicha propiedad.<\/p>\n\n\n\n<p>Las \u00faltimas mediciones a agosto de 2024 destacan que el precio de los alquileres tuvo un 247% de aumento interanual en promedio en Santa Fe.<\/p>\n\n\n\n<p>Adem\u00e1s, el pago del alquiler no es incluido en las cuentas del INDEC la canasta b\u00e1sica, por lo que las personas que no tienen casa propia tienen un costo de vida mucho mayor.<\/p>\n\n\n\n<p>Mauro Rueda, de Inquilinos Autoconvocados Santa Fe, alert\u00f3 que \u201cel 80% de las familias que tienen que alquilar se encuentra en la l\u00ednea de la pobreza, y en los hogares de una sola persona el n\u00famero llega al 72%\u201d<\/p>\n\n\n\n<p>El referente del espacio destac\u00f3 adem\u00e1s que hoy en Santa Fe una casa de dos habitaciones se alquila a unos $400.000 en promedio y un departamento de una habitaci\u00f3n cerca de $250.000.<\/p>\n\n\n\n<p>Rueda hizo referencia a su vez que la inflaci\u00f3n general del INDEC en julio fue de 4% pero los alquileres subieron por encima, a un 5% en la regi\u00f3n.<\/p>\n\n\n\n<p>Consultado sobre la realidad del sector sin ley de alquileres vigentes a partir del DNU del gobierno nacional, el inquilino cuestion\u00f3 que Argentina sea \u201cel \u00fanico pa\u00eds del mundo que no tiene ninguna regulaci\u00f3n al mercado inmobiliario\u201d.<\/p>\n","protected":false},"excerpt":{"rendered":"<p>Desde Inquilinos Autoconvocados afirman que la canasta b&aacute;sica para las familias que deben pagar un alquiler ronda el mill&oacute;n y medio de pesos. Con alrededor de 11 millones de inquilinos en el pa&iacute;s, la Argentina afronta serias dificultades para resolver el equilibrio entre la poblaci&oacute;n que no es propietaria y debe pagar un alquiler por [&hellip;]<\/p>\n","protected":false},"author":2,"featured_media":6328,"comment_status":"open","ping_status":"open","sticky":false,"template":"","format":"standard","meta":{"footnotes":""},"categories":[5,176,726],"tags":[2499,2734,2733,722],"class_list":["post-6327","post","type-post","status-publish","format-standard","has-post-thumbnail","hentry","category-nacionales","category-politica","category-sociedad","tag-alquileres","tag-autoconvocados","tag-inquilinos","tag-pobreza"],"_links":{"self":[{"href":"https:\/\/partediario.com.ar\/index.php?rest_route=\/wp\/v2\/posts\/6327","targetHints":{"allow":["GET"]}}],"collection":[{"href":"https:\/\/partediario.com.ar\/index.php?rest_route=\/wp\/v2\/posts"}],"about":[{"href":"https:\/\/partediario.com.ar\/index.php?rest_route=\/wp\/v2\/types\/post"}],"author":[{"embeddable":true,"href":"https:\/\/partediario.com.ar\/index.php?rest_route=\/wp\/v2\/users\/2"}],"replies":[{"embeddable":true,"href":"https:\/\/partediario.com.ar\/index.php?rest_route=%2Fwp%2Fv2%2Fcomments&post=6327"}],"version-history":[{"count":1,"href":"https:\/\/partediario.com.ar\/index.php?rest_route=\/wp\/v2\/posts\/6327\/revisions"}],"predecessor-version":[{"id":6329,"href":"https:\/\/partediario.com.ar\/index.php?rest_route=\/wp\/v2\/posts\/6327\/revisions\/6329"}],"wp:featuredmedia":[{"embeddable":true,"href":"https:\/\/partediario.com.ar\/index.php?rest_route=\/wp\/v2\/media\/6328"}],"wp:attachment":[{"href":"https:\/\/partediario.com.ar\/index.php?rest_route=%2Fwp%2Fv2%2Fmedia&parent=6327"}],"wp:term":[{"taxonomy":"category","embeddable":true,"href":"https:\/\/partediario.com.ar\/index.php?rest_route=%2Fwp%2Fv2%2Fcategories&post=6327"},{"taxonomy":"post_tag","embeddable":true,"href":"https:\/\/partediario.com.ar\/index.php?rest_route=%2Fwp%2Fv2%2Ftags&post=6327"}],"curies":[{"name":"wp","href":"https:\/\/api.w.org\/{rel}","templated":true}]}}