{"id":6333,"date":"2024-08-20T20:38:35","date_gmt":"2024-08-20T23:38:35","guid":{"rendered":"https:\/\/partediario.com.ar\/?p=6333"},"modified":"2024-08-20T20:38:35","modified_gmt":"2024-08-20T23:38:35","slug":"sadir-inauguro-obras-de-pavimento-en-fraile-pintado-jujuy","status":"publish","type":"post","link":"https:\/\/partediario.com.ar\/?p=6333","title":{"rendered":"Sadir inaugur\u00f3 obras de pavimento en Fraile Pintado, Jujuy"},"content":{"rendered":"\n<h3 class=\"wp-block-heading\">El gobernador Carlos Sadir dej\u00f3 formalmente inaugurada las obras de pavimentaci\u00f3n e iluminaci\u00f3n de la calle San Roque de la ciudad de Fraile Pintado.<\/h3>\n\n\n\n<p>Durante el acto de inauguraci\u00f3n de la obra de infraestructura vial, el mandatario ponder\u00f3 \u201cel esfuerzo del municipio\u201d para la ejecuci\u00f3n de los trabajos en una de las principales arterias de la localidad, destacando la sinergia generada entre \u201cla municipalidad, la provincia y las empresas privadas\u201d.<\/p>\n\n\n\n<p>Asimismo, puso en valor \u201cel trabajo de los empleados municipales, por el esfuerzo y conocimiento que tienen para realizar las obras\u201d, como para \u201cprestar servicios\u201d.<\/p>\n\n\n\n<p><\/p>\n\n\n\n<figure class=\"wp-block-image size-large\"><img loading=\"lazy\" decoding=\"async\" width=\"1024\" height=\"683\" src=\"https:\/\/partediario.com.ar\/wp-content\/uploads\/imgl2443jpg-1024x683.webp\" alt=\"\" class=\"wp-image-6334\" srcset=\"https:\/\/partediario.com.ar\/wp-content\/uploads\/imgl2443jpg-1024x683.webp 1024w, https:\/\/partediario.com.ar\/wp-content\/uploads\/imgl2443jpg-300x200.webp 300w, https:\/\/partediario.com.ar\/wp-content\/uploads\/imgl2443jpg-768x512.webp 768w, https:\/\/partediario.com.ar\/wp-content\/uploads\/imgl2443jpg.webp 1200w\" sizes=\"auto, (max-width: 1024px) 100vw, 1024px\" \/><\/figure>\n\n\n\n<p><\/p>\n\n\n\n<p>Sadir aprovech\u00f3 la oportunidad para ratificar su compromiso con la comunidad fraile\u00f1a, al tiempo que anticip\u00f3 la continuidad de obras en el lugar. \u201cHay que trabajar por la gente y por m\u00e1s obras, adem\u00e1s trabajar mancomunadamente\u201d, expres\u00f3.<\/p>\n\n\n\n<p>\u201cVamos a trabajar en beneficio de la comunidad y de los vecinos\u201d, remarc\u00f3. Por su parte, el intendente Cardozo agradeci\u00f3 la \u201ccolaboraci\u00f3n permanente\u201d del Gobierno de la Provincia \u201cpara que Fraile Pintado pueda seguir creciendo y tenga el rumbo que los fraile\u00f1os queremos\u201d.<\/p>\n\n\n\n<p>Adem\u00e1s, valor\u00f3 el aporte de la empresa Ledesma para la concreci\u00f3n de la obra vial.<\/p>\n","protected":false},"excerpt":{"rendered":"<p>El gobernador Carlos Sadir dej&oacute; formalmente inaugurada las obras de pavimentaci&oacute;n e iluminaci&oacute;n de la calle San Roque de la ciudad de Fraile Pintado. Durante el acto de inauguraci&oacute;n de la obra de infraestructura vial, el mandatario ponder&oacute; &ldquo;el esfuerzo del municipio&rdquo; para la ejecuci&oacute;n de los trabajos en una de las principales arterias de [&hellip;]<\/p>\n","protected":false},"author":2,"featured_media":6335,"comment_status":"open","ping_status":"open","sticky":false,"template":"","format":"standard","meta":{"footnotes":""},"categories":[5,176],"tags":[2530,2737,753,2736],"class_list":["post-6333","post","type-post","status-publish","format-standard","has-post-thumbnail","hentry","category-nacionales","category-politica","tag-carlos-sadir","tag-fraile-pintado","tag-jujuy","tag-pavimento"],"_links":{"self":[{"href":"https:\/\/partediario.com.ar\/index.php?rest_route=\/wp\/v2\/posts\/6333","targetHints":{"allow":["GET"]}}],"collection":[{"href":"https:\/\/partediario.com.ar\/index.php?rest_route=\/wp\/v2\/posts"}],"about":[{"href":"https:\/\/partediario.com.ar\/index.php?rest_route=\/wp\/v2\/types\/post"}],"author":[{"embeddable":true,"href":"https:\/\/partediario.com.ar\/index.php?rest_route=\/wp\/v2\/users\/2"}],"replies":[{"embeddable":true,"href":"https:\/\/partediario.com.ar\/index.php?rest_route=%2Fwp%2Fv2%2Fcomments&post=6333"}],"version-history":[{"count":1,"href":"https:\/\/partediario.com.ar\/index.php?rest_route=\/wp\/v2\/posts\/6333\/revisions"}],"predecessor-version":[{"id":6336,"href":"https:\/\/partediario.com.ar\/index.php?rest_route=\/wp\/v2\/posts\/6333\/revisions\/6336"}],"wp:featuredmedia":[{"embeddable":true,"href":"https:\/\/partediario.com.ar\/index.php?rest_route=\/wp\/v2\/media\/6335"}],"wp:attachment":[{"href":"https:\/\/partediario.com.ar\/index.php?rest_route=%2Fwp%2Fv2%2Fmedia&parent=6333"}],"wp:term":[{"taxonomy":"category","embeddable":true,"href":"https:\/\/partediario.com.ar\/index.php?rest_route=%2Fwp%2Fv2%2Fcategories&post=6333"},{"taxonomy":"post_tag","embeddable":true,"href":"https:\/\/partediario.com.ar\/index.php?rest_route=%2Fwp%2Fv2%2Ftags&post=6333"}],"curies":[{"name":"wp","href":"https:\/\/api.w.org\/{rel}","templated":true}]}}