{"id":6342,"date":"2024-08-21T10:43:36","date_gmt":"2024-08-21T13:43:36","guid":{"rendered":"https:\/\/partediario.com.ar\/?p=6342"},"modified":"2024-08-21T10:43:37","modified_gmt":"2024-08-21T13:43:37","slug":"eliminaran-retenciones-a-cuenta-de-iva-y-ganancias-en-ventas-de-comercios","status":"publish","type":"post","link":"https:\/\/partediario.com.ar\/?p=6342","title":{"rendered":"Eliminar\u00e1n retenciones a cuenta de IVA y Ganancias en ventas de comercios"},"content":{"rendered":"\n<h2 class=\"wp-block-heading\">A partir de esta modificaci\u00f3n, los comercios no tendr\u00e1n que padecer retenciones de esos impuestos en las ventas con tarjetas de cr\u00e9dito y otros medios de pago.<\/h2>\n\n\n\n<p>El Gobierno nacional anunci\u00f3 que esta semana pondr\u00e1 en marcha otra parte del Paquete Fiscal, que comprende la eliminaci\u00f3n de las retenciones del Impuesto a las Ganancias e IVA para los comercios minoristas en ventas con tarjetas y otros medios de pago.<\/p>\n\n\n\n<p>\u201cEn la reglamentaci\u00f3n del Paquete Fiscal, el Ministerio de Econom\u00eda ampli\u00f3 los beneficios al sector privado comprendidos en la norma y dispuso que ya no habr\u00e1 m\u00e1s retenciones a cuenta de Ganancias e IVA a los comercios en las ventas con tarjetas de d\u00e9bito, cr\u00e9dito, compra y similares, los agrupadores, los agregadores y los dem\u00e1s procesadores de medios electr\u00f3nicos de pago\u201d, as\u00ed lo inform\u00f3 el Palacio de Hacienda.<\/p>\n\n\n\n<p>La nota se\u00f1ala que el art\u00edculo 102 del Paquete Fiscal defin\u00eda que estas excepciones ten\u00edan un l\u00edmite equivalente a 10.000 Unidades de Valor Adquisitivo (UVAs).<\/p>\n\n\n\n<p>\u201cLa medida representa un enorme beneficio al sector privado formal que invierte y apuesta al crecimiento de la econom\u00eda argentina. La medida permitir\u00e1 fomentar la formalizaci\u00f3n de las transacciones, la inclusi\u00f3n financiera y reducir los costos de los sistemas de pagos\u201d, destaca el comunicado.<\/p>\n\n\n\n<p>Econom\u00eda se\u00f1ala adem\u00e1s que \u201ctambi\u00e9n permite avanzar en los objetivos del Gobierno Nacional de impulsar la actividad econ\u00f3mica y fomentar la utilizaci\u00f3n de los medios de pago que otorgan mayor transparencia y formalidad a la econom\u00eda\u201d.<\/p>\n\n\n\n<p><strong>Invitan a las provincias<\/strong><\/p>\n\n\n\n<p>\u201cEl Gobierno Nacional convoca a las provincias a que se adhieran a este r\u00e9gimen y eliminen las retenciones de Ingresos Brutos y otros tributos locales que se hayan establecido sobre los pagos comprendidos en la medida\u201d, agrega la nota de Hacienda.<\/p>\n\n\n\n<p>Seg\u00fan se adelant\u00f3, la medida ser\u00e1 publicada en el Bolet\u00edn Oficial esta semana, e implica que se dejan sin efecto los reg\u00edmenes de retenci\u00f3n mencionados para los pagos que se efect\u00faen a partir del 1\u00b0 de septiembre de 2024, inclusive.<\/p>\n\n\n\n<p><strong>Descuentos a comercios por vender por tarjeta<\/strong><\/p>\n\n\n\n<p>La medida redundar\u00e1 en una reducci\u00f3n del costo para operar con medios de pago, algo que generalmente ocasiona problemas para los comercios que recargan el valor en el precio final.<\/p>\n\n\n\n<p>Un comercio registrado como Responsable Inscripto ante la AFIP recib\u00eda una retenci\u00f3n de parte de la empresa proveedora del medio de pago cuando hac\u00eda una venta, que se ten\u00eda que computar como pago a cuenta. Es decir, como si tuvieran que ir abonando por anticipado.<\/p>\n\n\n\n<p>Se estima que la decisi\u00f3n del Gobierno puede entonces abaratar los costos y facilitar en parte al consumo que se encuentra muy retra\u00eddo.<\/p>\n","protected":false},"excerpt":{"rendered":"<p>A partir de esta modificaci&oacute;n, los comercios no tendr&aacute;n que padecer retenciones de esos impuestos en las ventas con tarjetas de cr&eacute;dito y otros medios de pago. El Gobierno nacional anunci&oacute; que esta semana pondr&aacute; en marcha otra parte del Paquete Fiscal, que comprende la eliminaci&oacute;n de las retenciones del Impuesto a las Ganancias e [&hellip;]<\/p>\n","protected":false},"author":2,"featured_media":6343,"comment_status":"open","ping_status":"open","sticky":false,"template":"","format":"standard","meta":{"footnotes":""},"categories":[5,176],"tags":[2742,2740,2741,2103,349],"class_list":["post-6342","post","type-post","status-publish","format-standard","has-post-thumbnail","hentry","category-nacionales","category-politica","tag-comercios","tag-ganancia","tag-iva","tag-retenciones","tag-venta"],"_links":{"self":[{"href":"https:\/\/partediario.com.ar\/index.php?rest_route=\/wp\/v2\/posts\/6342","targetHints":{"allow":["GET"]}}],"collection":[{"href":"https:\/\/partediario.com.ar\/index.php?rest_route=\/wp\/v2\/posts"}],"about":[{"href":"https:\/\/partediario.com.ar\/index.php?rest_route=\/wp\/v2\/types\/post"}],"author":[{"embeddable":true,"href":"https:\/\/partediario.com.ar\/index.php?rest_route=\/wp\/v2\/users\/2"}],"replies":[{"embeddable":true,"href":"https:\/\/partediario.com.ar\/index.php?rest_route=%2Fwp%2Fv2%2Fcomments&post=6342"}],"version-history":[{"count":1,"href":"https:\/\/partediario.com.ar\/index.php?rest_route=\/wp\/v2\/posts\/6342\/revisions"}],"predecessor-version":[{"id":6344,"href":"https:\/\/partediario.com.ar\/index.php?rest_route=\/wp\/v2\/posts\/6342\/revisions\/6344"}],"wp:featuredmedia":[{"embeddable":true,"href":"https:\/\/partediario.com.ar\/index.php?rest_route=\/wp\/v2\/media\/6343"}],"wp:attachment":[{"href":"https:\/\/partediario.com.ar\/index.php?rest_route=%2Fwp%2Fv2%2Fmedia&parent=6342"}],"wp:term":[{"taxonomy":"category","embeddable":true,"href":"https:\/\/partediario.com.ar\/index.php?rest_route=%2Fwp%2Fv2%2Fcategories&post=6342"},{"taxonomy":"post_tag","embeddable":true,"href":"https:\/\/partediario.com.ar\/index.php?rest_route=%2Fwp%2Fv2%2Ftags&post=6342"}],"curies":[{"name":"wp","href":"https:\/\/api.w.org\/{rel}","templated":true}]}}