{"id":6379,"date":"2024-08-21T19:55:28","date_gmt":"2024-08-21T22:55:28","guid":{"rendered":"https:\/\/partediario.com.ar\/?p=6379"},"modified":"2024-08-21T19:55:29","modified_gmt":"2024-08-21T22:55:29","slug":"alberto-fernandez-solicita-que-la-justicia-le-secuestre-y-revise-el-celular-a-fabiola-yanez","status":"publish","type":"post","link":"https:\/\/partediario.com.ar\/?p=6379","title":{"rendered":"Alberto Fern\u00e1ndez solicita que la Justicia le secuestre y revise el celular a Fabiola Ya\u00f1ez"},"content":{"rendered":"\n<h3 class=\"wp-block-heading\">En su denuncia contra Fabiola Y\u00e1\u00f1ez por haber filtrado sus videos con Tamara Pettinato, Alberto Fern\u00e1ndez realiz\u00f3 este pedido a la Justicia.<\/h3>\n\n\n\n<p>En la denuncia contra Fabiola Ya\u00f1ez por haber filtrado sus videos con Tamara Pettinato, Alberto Fern\u00e1ndez le solicit\u00f3 a la Justicia que secuestren y revisen el tel\u00e9fono celular de la ex primera dama para poder acceder a mensajes presuntamente borrados de WhatsApp y Telegram.<\/p>\n\n\n\n<p>El expresidente pidi\u00f3 que \u201cse libre oficio Titular de la Oficina de Asistencia Judicial para el Crimen Organizado (ex DICOM), a fin de solicitarle arbitre los medios para que se sirva informar todo dato de inter\u00e9s de los abonados telef\u00f3nicos que utiliza y utiliz\u00f3\u201d su ex pareja, cuya denuncia por violencia de g\u00e9nero destap\u00f3 un esc\u00e1ndalo que pareciera no tener techo.<\/p>\n\n\n\n<p>Fern\u00e1ndez reclam\u00f3 adem\u00e1s que \u201cse secuestren los aparatos telef\u00f3nicos utilizados por la imputada y se realice la extracci\u00f3n de datos mediante sistema UFED Celebrity Premium a fin de poder conocer los mensajes borrados que hubiera en los sistemas de mensajer\u00eda WhatsApp y Telegram, as\u00ed tambi\u00e9n como todo dato de inter\u00e9s\u201d.<\/p>\n\n\n\n<p>En su presentaci\u00f3n ante la justicia, en la que el ex jefe de Estado acus\u00f3 a la ex primera dama de \u201cviolaci\u00f3n de secreto y su difusi\u00f3n y el acceso ileg\u00edtimo\u201d a su nube de Google, pidi\u00f3 tambi\u00e9n una medida cautelar para que \u201cse deje de publicar o reproducir todo acto que remita a posibles videos o fotos sobre su persona o terceros que impliquen una vulneraci\u00f3n a los derechos\u201d.<\/p>\n\n\n\n<p>El exmandatario hizo referencia a la filtraci\u00f3n de sus videos con Tamara Pettinato en su despacho de Casa Rosada los cuales, en su opini\u00f3n, fueron difundidos \u201cilegalmente de un tel\u00e9fono personal que accede a mi cuenta privada\u201d.<\/p>\n\n\n\n<p>\u201cLa querellada (Ya\u00f1ez) es la \u00fanica persona que ten\u00eda acceso a la informaci\u00f3n que se ha difundido\u201d, explic\u00f3 Fern\u00e1ndez, quien brind\u00f3 detalles sobre la filtraci\u00f3n: \u201cLa informaci\u00f3n est\u00e1 en el tel\u00e9fono que era de mi propiedad, que le regal\u00e9 a mi hijo Francisco con aplicaciones que serv\u00edan para su esparcimiento y que conten\u00eda mi galer\u00eda de fotos personal\u201d.<\/p>\n\n\n\n<p>\u201cEse celular marca Samsung se lo di a mi hijo para que juegue y pueda ver videos infantiles en YouTube y similares\u201d, se\u00f1al\u00f3 en el escrito. Y complet\u00f3: \u201cEs por ello que acuso a su madre, una persona adulta y con pleno conocimiento para acceder a mi informaci\u00f3n privada y mucho menos difundirla\u201d.<\/p>\n\n\n\n<p>El planteo de Fern\u00e1ndez sobre el celular de Fabiola refiere a una declaraci\u00f3n de Ya\u00f1ez ante la Justicia, en la que sostuvo haber perdido el aparato que conten\u00eda los chats que evidencian el maltrato y las golpizas. Seg\u00fan trascendi\u00f3, Fabiola indic\u00f3 que el tel\u00e9fono lo perdi\u00f3 durante una de las mudanzas que realiz\u00f3 en Espa\u00f1a, cuando se fue del departamento que compart\u00eda con Fern\u00e1ndez en Madrid.<\/p>\n\n\n\n<p>De todos modos, Ya\u00f1ez cuenta con capturas de pantalla de las conversaciones anteriores a 2024 y prometi\u00f3 aportar a la Justicia los intercambios de los \u00faltimos meses.<\/p>\n\n\n\n<p>Por su parte, Alberto afirm\u00f3 durante la entrevista al diario El Pa\u00eds que le \u201cdesaparecieron\u201d los chats con su expareja entre los a\u00f1os 2022 y 2023. \u201cNo tengo manera de corroborar c\u00f3mo es toda esa conversaci\u00f3n\u201d, se\u00f1al\u00f3.<\/p>\n","protected":false},"excerpt":{"rendered":"<p>En su denuncia contra Fabiola Y&aacute;&ntilde;ez por haber filtrado sus videos con Tamara Pettinato, Alberto Fern&aacute;ndez realiz&oacute; este pedido a la Justicia. En la denuncia contra Fabiola Ya&ntilde;ez por haber filtrado sus videos con Tamara Pettinato, Alberto Fern&aacute;ndez le solicit&oacute; a la Justicia que secuestren y revisen el tel&eacute;fono celular de la ex primera dama [&hellip;]<\/p>\n","protected":false},"author":2,"featured_media":6380,"comment_status":"open","ping_status":"open","sticky":false,"template":"","format":"standard","meta":{"footnotes":""},"categories":[979,5],"tags":[517,1178,2409],"class_list":["post-6379","post","type-post","status-publish","format-standard","has-post-thumbnail","hentry","category-judiciales","category-nacionales","tag-alberto-fernandez","tag-celulares","tag-fabiola-yanez-2"],"_links":{"self":[{"href":"https:\/\/partediario.com.ar\/index.php?rest_route=\/wp\/v2\/posts\/6379","targetHints":{"allow":["GET"]}}],"collection":[{"href":"https:\/\/partediario.com.ar\/index.php?rest_route=\/wp\/v2\/posts"}],"about":[{"href":"https:\/\/partediario.com.ar\/index.php?rest_route=\/wp\/v2\/types\/post"}],"author":[{"embeddable":true,"href":"https:\/\/partediario.com.ar\/index.php?rest_route=\/wp\/v2\/users\/2"}],"replies":[{"embeddable":true,"href":"https:\/\/partediario.com.ar\/index.php?rest_route=%2Fwp%2Fv2%2Fcomments&post=6379"}],"version-history":[{"count":1,"href":"https:\/\/partediario.com.ar\/index.php?rest_route=\/wp\/v2\/posts\/6379\/revisions"}],"predecessor-version":[{"id":6381,"href":"https:\/\/partediario.com.ar\/index.php?rest_route=\/wp\/v2\/posts\/6379\/revisions\/6381"}],"wp:featuredmedia":[{"embeddable":true,"href":"https:\/\/partediario.com.ar\/index.php?rest_route=\/wp\/v2\/media\/6380"}],"wp:attachment":[{"href":"https:\/\/partediario.com.ar\/index.php?rest_route=%2Fwp%2Fv2%2Fmedia&parent=6379"}],"wp:term":[{"taxonomy":"category","embeddable":true,"href":"https:\/\/partediario.com.ar\/index.php?rest_route=%2Fwp%2Fv2%2Fcategories&post=6379"},{"taxonomy":"post_tag","embeddable":true,"href":"https:\/\/partediario.com.ar\/index.php?rest_route=%2Fwp%2Fv2%2Ftags&post=6379"}],"curies":[{"name":"wp","href":"https:\/\/api.w.org\/{rel}","templated":true}]}}