{"id":6382,"date":"2024-08-21T20:22:43","date_gmt":"2024-08-21T23:22:43","guid":{"rendered":"https:\/\/partediario.com.ar\/?p=6382"},"modified":"2024-08-21T20:22:48","modified_gmt":"2024-08-21T23:22:48","slug":"dio-negativo-para-viruela-del-mono-el-resultado-del-tripulante-del-buque-aislado-en-santa-fe","status":"publish","type":"post","link":"https:\/\/partediario.com.ar\/?p=6382","title":{"rendered":"Dio negativo para Viruela del Mono, el resultado del tripulante del buque aislado en Santa Fe"},"content":{"rendered":"\n<h3 class=\"wp-block-heading\">As\u00ed lo inform\u00f3 el Ministerio de Salud de Santa Fe luego de obtener el resultado de las pruebas realizadas la persona sospechada.<\/h3>\n\n\n\n<p>El Ministerio de Salud de Santa Fe dio a conocer este mi\u00e9rcoles pasado el mediod\u00eda el resultado de las pruebas realizadas al caso sospechoso de viruela del mono en un tripulante del buque aislado en el Puerto de San Lorenzo. El protocolo a bordo del barco se activ\u00f3 el mismo d\u00eda en el que se confirm\u00f3 el segundo caso positivo en el departamento Rosario.<\/p>\n\n\n\n<p>La directora de Epidemiolog\u00eda de la provincia, Carolina Cud\u00f3s, precis\u00f3 que \u201cel caso que ven\u00eda embarcado en el puerto de San Lorenzo dio negativo para el virus (de viruela s\u00edmica), y es positivo para varicela\u201d.<\/p>\n\n\n\n<p>La funcionaria subray\u00f3 que \u201cel protocolo se activ\u00f3 a tiempo, como debe ser, y sabemos que pueden muchos casos ser negativos y que sea otra la confirmaci\u00f3n. Lo importante ac\u00e1 es el alerta que se hizo a tiempo, todas las actuaciones se hicieron a tiempo y no se puso en riesgo a la poblaci\u00f3n\u201d.<\/p>\n\n\n\n<p>El martes por la tarde, el Ministerio de Salud de la Naci\u00f3n comunic\u00f3 que el agente mar\u00edtimo que representa al barco INA-LOTTE, proveniente de la ciudad de Santos, Brasil, con bandera de Liberia, inform\u00f3 a las autoridades de Sanidad de Fronteras que uno de sus tripulantes de nacionalidad hind\u00fa presentaba lesiones cut\u00e1neas compatibles con s\u00edntomas de viruela del mono, y hab\u00eda sido aislado del resto de la tripulaci\u00f3n.<\/p>\n\n\n\n<p>A partir de esta informaci\u00f3n se activ\u00f3 el protocolo de emergencia de salud p\u00fablica de inter\u00e9s internacional (ESPII), se solicit\u00f3 control m\u00e9dico a bordo de toda la tripulaci\u00f3n y personal de pr\u00e1cticos y se tomaron muestras de las lesiones, cuyos resultados se conocieron durante el mediod\u00eda del mi\u00e9rcoles.<\/p>\n\n\n\n<p>Mientras tanto, la embarcaci\u00f3n con destino al Puerto de San Lorenzo qued\u00f3 en rada sin libre pl\u00e1tica, por lo que solo pudo subir personal sanitario y no pudo bajar nadie.<\/p>\n\n\n\n<p>\u201cEsto nos va a seguir pasando con otros pacientes, probablemente, y sabemos que tenemos una provincia con mucho movimiento de personas y lo importante para la poblaci\u00f3n es saber que desde el gobierno y desde fronteras estamos trabajando en que ante un caso positivo r\u00e1pidamente poder actuar activar el protocolo\u201d, se\u00f1al\u00f3 Cud\u00f3s y solicit\u00f3 a la poblaci\u00f3n \u201cque ante s\u00edntomas compatibles y haber estado en ninguna situaci\u00f3n de riesgo consultar r\u00e1pidamente y autoaislarse y no demorar esa consulta\u201d.<\/p>\n\n\n\n<p>Los s\u00edntomas de la viruela del mono<\/p>\n\n\n\n<p>La viruela s\u00edmica (mpox) es una enfermedad producida por un virus, que se puede transmitir de animales a humanos y de una persona a otra a trav\u00e9s del contacto f\u00edsico piel a piel. Se transmite por contacto f\u00edsico estrecho de persona a persona (por ejemplo, cara a cara, piel con piel, boca con boca, boca con piel), incluido el contacto sexual.<\/p>\n\n\n\n<p>Los s\u00edntomas suelen durar de dos a tres semanas y, por lo general, desaparecen por s\u00ed solos o con cuidados de apoyo, como medicamentos para el dolor o la fiebre. Los m\u00e1s comunes son las lesiones en la piel y mucosas, que pueden doler. Las lesiones se pueden ubicar en regiones genitales, paragenitales o perianales, la cara, las palmas de las manos, las plantas de los pies o tronco. El n\u00famero de lesiones puede oscilar entre unas pocas localizadas hasta m\u00faltiples dispersas en distintas localizaciones.<\/p>\n\n\n\n<p>Al inicio, las lesiones son planas, luego se llenan de l\u00edquido y, a continuaci\u00f3n, se forman costras, se secan y se desprenden, y por debajo se forma una capa nueva de piel. Tambi\u00e9n puede presentarse dolor o sangrado anorrectal, inflamaci\u00f3n de ganglios, fiebre, dolor de cabeza, muscular o de espalda, y cansancio y decaimiento.<\/p>\n\n\n\n<p>En caso de haber tenido contacto cercano con una persona que tiene viruela s\u00edmica o lo sospecha, o si se tienen s\u00edntomas compatibles, es importante realizar una consulta m\u00e9dica temprana, evitar el contacto estrecho con otras personas y lavarse las manos frecuentemente. No compartir elementos personales como s\u00e1banas, toallas, ropa y utensilios.<\/p>\n\n\n\n<p>Las personas con viruela s\u00edmica deben seguir las indicaciones del equipo de salud. Los s\u00edntomas a menudo se resuelven por s\u00ed solos sin necesidad de tratamiento. Es importante no automedicarse y seguir siempre el tratamiento m\u00e9dico indicado.<\/p>\n","protected":false},"excerpt":{"rendered":"<p>As&iacute; lo inform&oacute; el Ministerio de Salud de Santa Fe luego de obtener el resultado de las pruebas realizadas la persona sospechada. El Ministerio de Salud de Santa Fe dio a conocer este mi&eacute;rcoles pasado el mediod&iacute;a el resultado de las pruebas realizadas al caso sospechoso de viruela del mono en un tripulante del buque [&hellip;]<\/p>\n","protected":false},"author":2,"featured_media":6384,"comment_status":"open","ping_status":"open","sticky":false,"template":"","format":"standard","meta":{"footnotes":""},"categories":[5,726],"tags":[1106,2679],"class_list":["post-6382","post","type-post","status-publish","format-standard","has-post-thumbnail","hentry","category-nacionales","category-sociedad","tag-santa-fe-2","tag-viruela-del-mono"],"_links":{"self":[{"href":"https:\/\/partediario.com.ar\/index.php?rest_route=\/wp\/v2\/posts\/6382","targetHints":{"allow":["GET"]}}],"collection":[{"href":"https:\/\/partediario.com.ar\/index.php?rest_route=\/wp\/v2\/posts"}],"about":[{"href":"https:\/\/partediario.com.ar\/index.php?rest_route=\/wp\/v2\/types\/post"}],"author":[{"embeddable":true,"href":"https:\/\/partediario.com.ar\/index.php?rest_route=\/wp\/v2\/users\/2"}],"replies":[{"embeddable":true,"href":"https:\/\/partediario.com.ar\/index.php?rest_route=%2Fwp%2Fv2%2Fcomments&post=6382"}],"version-history":[{"count":1,"href":"https:\/\/partediario.com.ar\/index.php?rest_route=\/wp\/v2\/posts\/6382\/revisions"}],"predecessor-version":[{"id":6385,"href":"https:\/\/partediario.com.ar\/index.php?rest_route=\/wp\/v2\/posts\/6382\/revisions\/6385"}],"wp:featuredmedia":[{"embeddable":true,"href":"https:\/\/partediario.com.ar\/index.php?rest_route=\/wp\/v2\/media\/6384"}],"wp:attachment":[{"href":"https:\/\/partediario.com.ar\/index.php?rest_route=%2Fwp%2Fv2%2Fmedia&parent=6382"}],"wp:term":[{"taxonomy":"category","embeddable":true,"href":"https:\/\/partediario.com.ar\/index.php?rest_route=%2Fwp%2Fv2%2Fcategories&post=6382"},{"taxonomy":"post_tag","embeddable":true,"href":"https:\/\/partediario.com.ar\/index.php?rest_route=%2Fwp%2Fv2%2Ftags&post=6382"}],"curies":[{"name":"wp","href":"https:\/\/api.w.org\/{rel}","templated":true}]}}