{"id":6386,"date":"2024-08-21T21:08:29","date_gmt":"2024-08-22T00:08:29","guid":{"rendered":"https:\/\/partediario.com.ar\/?p=6386"},"modified":"2024-08-21T21:08:34","modified_gmt":"2024-08-22T00:08:34","slug":"parana-debatio-en-una-jornada-sobre-innovacion-y-desarrollo-sostenible","status":"publish","type":"post","link":"https:\/\/partediario.com.ar\/?p=6386","title":{"rendered":"Paran\u00e1 debati\u00f3 en una jornada sobre Innovaci\u00f3n y Desarrollo Sostenible"},"content":{"rendered":"\n<h3 class=\"wp-block-heading\">La intendenta Rosario Romero brind\u00f3 el discurso de apertura. \u201cTenemos que ser Estados que faciliten la inversi\u00f3n y el desarrollo del sector privado\u201d, destac\u00f3.<\/h3>\n\n\n\n<p>La jornada fue organizada por la Municipalidad de Paran\u00e1 junto a la Red de Innovaci\u00f3n Local y Argencon, en el marco de la presentaci\u00f3n del Plan de Transformaci\u00f3n Digital del Municipio. Tuvo como consigna \u201cHacia el desarrollo sostenible: Talento e Innovaci\u00f3n en Ciudades del Conocimiento\u201d. Fue este mi\u00e9rcoles en Sala Mayo, donde se realizaron paneles y exposiciones a cargo de referentes locales y nacionales.<\/p>\n\n\n\n<p>La intendenta Rosario Romero se\u00f1al\u00f3: \u201cLos Estados tienen que transformarse y usar las mejores herramientas para ser cada vez m\u00e1s eficientes. Tenemos que ser Estados que faciliten al ciudadano, no solamente la gesti\u00f3n, sino adem\u00e1s a todos aquellos que quieran emprender\u201d.<\/p>\n\n\n\n<p><\/p>\n\n\n\n<figure class=\"wp-block-image size-full\"><img loading=\"lazy\" decoding=\"async\" width=\"800\" height=\"533\" src=\"https:\/\/partediario.com.ar\/wp-content\/uploads\/1724251855_764e9ba38c7f232770bd.jpeg\" alt=\"\" class=\"wp-image-6387\" srcset=\"https:\/\/partediario.com.ar\/wp-content\/uploads\/1724251855_764e9ba38c7f232770bd.jpeg 800w, https:\/\/partediario.com.ar\/wp-content\/uploads\/1724251855_764e9ba38c7f232770bd-300x200.jpeg 300w, https:\/\/partediario.com.ar\/wp-content\/uploads\/1724251855_764e9ba38c7f232770bd-768x512.jpeg 768w\" sizes=\"auto, (max-width: 800px) 100vw, 800px\" \/><\/figure>\n\n\n\n<p><\/p>\n\n\n\n<p>Camila Alanis, coordinadora del programa Ciudades del Conocimiento del RIL, manifest\u00f3: \u201cUno de los desaf\u00edos es que la generaci\u00f3n del talento vaya a la par de la demanda del sector privado, eso se trabaja en todas las ciudades y Paran\u00e1 lo tiene como un eje de gesti\u00f3n. Queremos que la capital entrerriana sea una ciudad faro en la regi\u00f3n\u201d.<\/p>\n\n\n\n<p>El secretario de Gobierno y Coordinaci\u00f3n de Gabinete, Santiago Halle, sostuvo: \u201cInnovar es pensar de una manera distinta la forma en que gestionamos lo p\u00fablico y tenemos un equipo de gobierno que est\u00e1 capacitado para hacerlo, que permanentemente busca transformarse\u201d.<\/p>\n\n\n\n<p>Los temas que se abordaron estuvieron en torno a: econom\u00eda del conocimiento, generaci\u00f3n de talentos, herramientas para acompa\u00f1ar oportunidades, ciudades inteligentes, movilidad urbana, recursos h\u00eddricos, soluciones innovadoras, administraci\u00f3n de energ\u00eda inteligente y transformaci\u00f3n digital.<\/p>\n\n\n\n<p>Los referentes compartieron experiencias de gesti\u00f3n, con la intenci\u00f3n de fortalecer y potenciar los ecosistemas m\u00e1s innovadores que generan nuevas oportunidades de desarrollo sostenible.<\/p>\n\n\n\n<p>Estuvieron presentes el viceintendente David C\u00e1ceres; la diputada provincial Andrea Zoff (que entreg\u00f3 el reconocimiento de inter\u00e9s de la C\u00e1mara de Diputados); funcionarios de distintas \u00e1reas de la Municipalidad; el intendente de Colonia de Avellaneda, Ariel Weiss; y las concejales Ana Ruberto, Luisina Minni y Fernanda Facello.<\/p>\n\n\n\n<p><\/p>\n\n\n\n<figure class=\"wp-block-embed is-type-video is-provider-youtube wp-block-embed-youtube wp-embed-aspect-16-9 wp-has-aspect-ratio\"><div class=\"wp-block-embed__wrapper\">\n<iframe loading=\"lazy\" title=\"Paran\u00e1 debati\u00f3 en una jornada sobre Innovaci\u00f3n y Desarrollo Sostenible\" width=\"640\" height=\"360\" src=\"https:\/\/www.youtube.com\/embed\/JS0Gb1Ce8yM?feature=oembed\" frameborder=\"0\" allow=\"accelerometer; autoplay; clipboard-write; encrypted-media; gyroscope; picture-in-picture; web-share\" referrerpolicy=\"strict-origin-when-cross-origin\" allowfullscreen><\/iframe>\n<\/div><\/figure>\n","protected":false},"excerpt":{"rendered":"<p>La intendenta Rosario Romero brind&oacute; el discurso de apertura. &ldquo;Tenemos que ser Estados que faciliten la inversi&oacute;n y el desarrollo del sector privado&rdquo;, destac&oacute;. La jornada fue organizada por la Municipalidad de Paran&aacute; junto a la Red de Innovaci&oacute;n Local y Argencon, en el marco de la presentaci&oacute;n del Plan de Transformaci&oacute;n Digital del Municipio. [&hellip;]<\/p>\n","protected":false},"author":2,"featured_media":6388,"comment_status":"open","ping_status":"open","sticky":false,"template":"","format":"standard","meta":{"footnotes":""},"categories":[6,726],"tags":[2765,1927,453,1059,2764,2766,1439,265,242,239],"class_list":["post-6386","post","type-post","status-publish","format-standard","has-post-thumbnail","hentry","category-locales","category-sociedad","tag-andrea-zoff","tag-ariel-weiss","tag-david-caceres","tag-debate","tag-desarrollo-sostenible","tag-fernanda-facello","tag-luisina-minni","tag-parana","tag-rosario-romero","tag-sala-mayo"],"_links":{"self":[{"href":"https:\/\/partediario.com.ar\/index.php?rest_route=\/wp\/v2\/posts\/6386","targetHints":{"allow":["GET"]}}],"collection":[{"href":"https:\/\/partediario.com.ar\/index.php?rest_route=\/wp\/v2\/posts"}],"about":[{"href":"https:\/\/partediario.com.ar\/index.php?rest_route=\/wp\/v2\/types\/post"}],"author":[{"embeddable":true,"href":"https:\/\/partediario.com.ar\/index.php?rest_route=\/wp\/v2\/users\/2"}],"replies":[{"embeddable":true,"href":"https:\/\/partediario.com.ar\/index.php?rest_route=%2Fwp%2Fv2%2Fcomments&post=6386"}],"version-history":[{"count":1,"href":"https:\/\/partediario.com.ar\/index.php?rest_route=\/wp\/v2\/posts\/6386\/revisions"}],"predecessor-version":[{"id":6389,"href":"https:\/\/partediario.com.ar\/index.php?rest_route=\/wp\/v2\/posts\/6386\/revisions\/6389"}],"wp:featuredmedia":[{"embeddable":true,"href":"https:\/\/partediario.com.ar\/index.php?rest_route=\/wp\/v2\/media\/6388"}],"wp:attachment":[{"href":"https:\/\/partediario.com.ar\/index.php?rest_route=%2Fwp%2Fv2%2Fmedia&parent=6386"}],"wp:term":[{"taxonomy":"category","embeddable":true,"href":"https:\/\/partediario.com.ar\/index.php?rest_route=%2Fwp%2Fv2%2Fcategories&post=6386"},{"taxonomy":"post_tag","embeddable":true,"href":"https:\/\/partediario.com.ar\/index.php?rest_route=%2Fwp%2Fv2%2Ftags&post=6386"}],"curies":[{"name":"wp","href":"https:\/\/api.w.org\/{rel}","templated":true}]}}