{"id":6390,"date":"2024-08-22T09:23:01","date_gmt":"2024-08-22T12:23:01","guid":{"rendered":"https:\/\/partediario.com.ar\/?p=6390"},"modified":"2024-08-22T09:25:49","modified_gmt":"2024-08-22T12:25:49","slug":"laurito-diserta-en-parana","status":"publish","type":"post","link":"https:\/\/partediario.com.ar\/?p=6390","title":{"rendered":"Lauritto diserta en Paran\u00e1"},"content":{"rendered":"\n<h3 class=\"wp-block-heading\">Romero y Lauritto, avanzan juntos.<\/h3>\n\n\n\n<p>Se mostraran bajo el lema Pol\u00edtica y Gesti\u00f3n en la casa del partido justicialista y participaran de una reuni\u00f3n de gabinete ampliado de ambos municipios Paran\u00e1 y Concepci\u00f3n del Uruguay.<\/p>\n\n\n\n<p><\/p>\n\n\n\n<figure class=\"wp-block-image size-large\"><img loading=\"lazy\" decoding=\"async\" width=\"576\" height=\"1024\" src=\"https:\/\/partediario.com.ar\/wp-content\/uploads\/WhatsApp-Image-2024-08-22-at-09.05.28-576x1024.jpeg\" alt=\"\" class=\"wp-image-6391\" srcset=\"https:\/\/partediario.com.ar\/wp-content\/uploads\/WhatsApp-Image-2024-08-22-at-09.05.28-576x1024.jpeg 576w, https:\/\/partediario.com.ar\/wp-content\/uploads\/WhatsApp-Image-2024-08-22-at-09.05.28-169x300.jpeg 169w, https:\/\/partediario.com.ar\/wp-content\/uploads\/WhatsApp-Image-2024-08-22-at-09.05.28.jpeg 720w\" sizes=\"auto, (max-width: 576px) 100vw, 576px\" \/><\/figure>\n\n\n\n<p><\/p>\n\n\n\n<p>La reuni\u00f3n se concretar\u00e1 el pr\u00f3ximo viernes en el sal\u00f3n Mariano Moreno, del Concejo Deliberante de Paran\u00e1, a las 9.30. Participar\u00e1n el Intendente , Jos\u00e9 Lauritto y Rosario Romero acompa\u00f1ados de su equipo de trabajo. Pero la charla donde ambos disertar\u00e1n ser\u00e1 este jueves a las 19.30 en la sede del partido justicialista.<\/p>\n","protected":false},"excerpt":{"rendered":"<p>Romero y Lauritto, avanzan juntos. Se mostraran bajo el lema Pol&iacute;tica y Gesti&oacute;n en la casa del partido justicialista y participaran de una reuni&oacute;n de gabinete ampliado de ambos municipios Paran&aacute; y Concepci&oacute;n del Uruguay. La reuni&oacute;n se concretar&aacute; el pr&oacute;ximo viernes en el sal&oacute;n Mariano Moreno, del Concejo Deliberante de Paran&aacute;, a las 9.30. [&hellip;]<\/p>\n","protected":false},"author":2,"featured_media":6392,"comment_status":"open","ping_status":"open","sticky":false,"template":"","format":"standard","meta":{"footnotes":""},"categories":[6,176],"tags":[1868,210,265,242],"class_list":["post-6390","post","type-post","status-publish","format-standard","has-post-thumbnail","hentry","category-locales","category-politica","tag-jose-lauritto","tag-municipalidad","tag-parana","tag-rosario-romero"],"_links":{"self":[{"href":"https:\/\/partediario.com.ar\/index.php?rest_route=\/wp\/v2\/posts\/6390","targetHints":{"allow":["GET"]}}],"collection":[{"href":"https:\/\/partediario.com.ar\/index.php?rest_route=\/wp\/v2\/posts"}],"about":[{"href":"https:\/\/partediario.com.ar\/index.php?rest_route=\/wp\/v2\/types\/post"}],"author":[{"embeddable":true,"href":"https:\/\/partediario.com.ar\/index.php?rest_route=\/wp\/v2\/users\/2"}],"replies":[{"embeddable":true,"href":"https:\/\/partediario.com.ar\/index.php?rest_route=%2Fwp%2Fv2%2Fcomments&post=6390"}],"version-history":[{"count":4,"href":"https:\/\/partediario.com.ar\/index.php?rest_route=\/wp\/v2\/posts\/6390\/revisions"}],"predecessor-version":[{"id":6396,"href":"https:\/\/partediario.com.ar\/index.php?rest_route=\/wp\/v2\/posts\/6390\/revisions\/6396"}],"wp:featuredmedia":[{"embeddable":true,"href":"https:\/\/partediario.com.ar\/index.php?rest_route=\/wp\/v2\/media\/6392"}],"wp:attachment":[{"href":"https:\/\/partediario.com.ar\/index.php?rest_route=%2Fwp%2Fv2%2Fmedia&parent=6390"}],"wp:term":[{"taxonomy":"category","embeddable":true,"href":"https:\/\/partediario.com.ar\/index.php?rest_route=%2Fwp%2Fv2%2Fcategories&post=6390"},{"taxonomy":"post_tag","embeddable":true,"href":"https:\/\/partediario.com.ar\/index.php?rest_route=%2Fwp%2Fv2%2Ftags&post=6390"}],"curies":[{"name":"wp","href":"https:\/\/api.w.org\/{rel}","templated":true}]}}