{"id":6400,"date":"2024-08-22T12:16:00","date_gmt":"2024-08-22T15:16:00","guid":{"rendered":"https:\/\/partediario.com.ar\/?p=6400"},"modified":"2024-08-22T13:49:01","modified_gmt":"2024-08-22T16:49:01","slug":"el-senado-sesiona-luego-de-la-gran-polemica-por-el-aumento-de-las-dietas-y-la-oposicion-podria-asestar-otro-golpe-al-gobierno","status":"publish","type":"post","link":"https:\/\/partediario.com.ar\/?p=6400","title":{"rendered":"El Senado sesiona luego de las cr\u00edticas por el aumento de las dietas y la oposici\u00f3n podr\u00eda asestar otro golpe al Gobierno"},"content":{"rendered":"\n<h3 class=\"wp-block-heading\">Los senadores afrontan una doble sesi\u00f3n para este jueves. Se tratar\u00e1n los aumentos a senadores y un proyecto opositor sobre jubilaciones.<\/h3>\n\n\n\n<p>Despu\u00e9s de una jornada marcada por la audiencia p\u00fablica en la que el juez Ariel Lijo se present\u00f3 ante los miembros de la Comisi\u00f3n de Acuerdos para defender su postulaci\u00f3n para la Corte, y sobre todo en una semana tensionada por la pol\u00e9mica a ra\u00edz del nuevo aumento otorgado a los senadores.<\/p>\n\n\n\n<p>Es que en la pr\u00e1ctica son dos las sesiones previstas: una, acordada en Labor Parlamentaria el martes, en la que se tratar\u00e1n una serie de proyectos que incluyen como temas principales jubilaciones y \u00abcompra y venta de ni\u00f1os\u00bb. Concluida esa sesi\u00f3n, ser\u00e1 el turno de una convocada por la presidenta del Senado, para abordar temas relativos a las dietas.<\/p>\n\n\n\n<p>Desde las 11 se aborda un temario concertado que se inicia con una serie de acuerdos, y luego transferencias de inmuebles del Estado nacional y expropiaciones. Luego ser\u00e1 el turno de tratados internacionales; concientizaci\u00f3n sobre los derechos de soberan\u00eda sobre la plataforma continental; y la autorizaci\u00f3n a c\u00f3nsules y vicec\u00f3nsules honorarios.<\/p>\n\n\n\n<p>Con posterioridad abordar\u00e1n el proyecto de Carolina Losada para la tipificaci\u00f3n penal de la sustracci\u00f3n y\/o comercializaci\u00f3n de menores de edad. Ese tema cuenta con la aprobaci\u00f3n en general y volvi\u00f3 a comisiones, por lo que ahora solo deber\u00e1 procederse a la votaci\u00f3n en particular del mismo.<\/p>\n\n\n\n<p>Finalizando, se tratar\u00e1 la movilidad jubilatoria, proyecto que viene con media sanci\u00f3n de Diputados y que es resistido por el oficialismo. Su muy probable aprobaci\u00f3n cerrar\u00e1 una semana negra para el Gobierno en materia legislativa.<\/p>\n\n\n\n<p>Conclu\u00eddo ese temario, se dar\u00e1 inicio a la sesi\u00f3n p\u00fablica especial convocada por la presidenta del Cuerpo, Victoria Villarruel, para debatir proyectos relativos a las dietas de los senadores nacionales y los haberes de las autoridades superiores de los tres poderes del Estado.<\/p>\n\n\n\n<p>En primer lugar se tratar\u00e1 un proyecto de ley elaborado por senadores de Uni\u00f3n por la Patria, para poner un tope m\u00e1ximo a la percepci\u00f3n de haberes de las autoridades superiores de los tres poderes del Estado, \u00f3rganos extrapoderes, organismos descentralizados de la administraci\u00f3n p\u00fablica nacional y empresas y sociedades del Estado. Esta iniciativa no cuenta con dictamen, porque deber\u00eda ser debatida sobre tablas.<\/p>\n\n\n\n<p>Una vez terminado ese debate se tratar\u00e1 un proyecto de resoluci\u00f3n para dejar sin efecto la Resoluci\u00f3n 8\/24 por la que se estableci\u00f3 un incremento en la dieta de los senadores nacionales a partir de mayo de este a\u00f1o.<\/p>\n","protected":false},"excerpt":{"rendered":"<p>Los senadores afrontan una doble sesi&oacute;n para este jueves. Se tratar&aacute;n los aumentos a senadores y un proyecto opositor sobre jubilaciones. Despu&eacute;s de una jornada marcada por la audiencia p&uacute;blica en la que el juez Ariel Lijo se present&oacute; ante los miembros de la Comisi&oacute;n de Acuerdos para defender su postulaci&oacute;n para la Corte, y [&hellip;]<\/p>\n","protected":false},"author":2,"featured_media":6401,"comment_status":"open","ping_status":"open","sticky":false,"template":"","format":"standard","meta":{"footnotes":""},"categories":[5,176],"tags":[2769,622,2723,1127,230,2768],"class_list":["post-6400","post","type-post","status-publish","format-standard","has-post-thumbnail","hentry","category-nacionales","category-politica","tag-ariellijo","tag-aumento","tag-dieta","tag-doble","tag-senado","tag-sesion"],"_links":{"self":[{"href":"https:\/\/partediario.com.ar\/index.php?rest_route=\/wp\/v2\/posts\/6400","targetHints":{"allow":["GET"]}}],"collection":[{"href":"https:\/\/partediario.com.ar\/index.php?rest_route=\/wp\/v2\/posts"}],"about":[{"href":"https:\/\/partediario.com.ar\/index.php?rest_route=\/wp\/v2\/types\/post"}],"author":[{"embeddable":true,"href":"https:\/\/partediario.com.ar\/index.php?rest_route=\/wp\/v2\/users\/2"}],"replies":[{"embeddable":true,"href":"https:\/\/partediario.com.ar\/index.php?rest_route=%2Fwp%2Fv2%2Fcomments&post=6400"}],"version-history":[{"count":2,"href":"https:\/\/partediario.com.ar\/index.php?rest_route=\/wp\/v2\/posts\/6400\/revisions"}],"predecessor-version":[{"id":6409,"href":"https:\/\/partediario.com.ar\/index.php?rest_route=\/wp\/v2\/posts\/6400\/revisions\/6409"}],"wp:featuredmedia":[{"embeddable":true,"href":"https:\/\/partediario.com.ar\/index.php?rest_route=\/wp\/v2\/media\/6401"}],"wp:attachment":[{"href":"https:\/\/partediario.com.ar\/index.php?rest_route=%2Fwp%2Fv2%2Fmedia&parent=6400"}],"wp:term":[{"taxonomy":"category","embeddable":true,"href":"https:\/\/partediario.com.ar\/index.php?rest_route=%2Fwp%2Fv2%2Fcategories&post=6400"},{"taxonomy":"post_tag","embeddable":true,"href":"https:\/\/partediario.com.ar\/index.php?rest_route=%2Fwp%2Fv2%2Ftags&post=6400"}],"curies":[{"name":"wp","href":"https:\/\/api.w.org\/{rel}","templated":true}]}}