{"id":6411,"date":"2024-08-22T20:38:58","date_gmt":"2024-08-22T23:38:58","guid":{"rendered":"https:\/\/partediario.com.ar\/?p=6411"},"modified":"2024-08-22T20:38:59","modified_gmt":"2024-08-22T23:38:59","slug":"nueva-derrota-del-gobierno-el-senado-aprobo-el-proyecto-que-aumenta-las-jubilaciones-y-modifica-su-formula-de-actualizacion","status":"publish","type":"post","link":"https:\/\/partediario.com.ar\/?p=6411","title":{"rendered":"Nueva derrota del Gobierno: el Senado aprob\u00f3 el proyecto que aumenta las jubilaciones y modifica su f\u00f3rmula de actualizaci\u00f3n"},"content":{"rendered":"\n<h3 class=\"wp-block-heading\">El incremento ser\u00e1 del 8,1 por ciento y y pliega su actualizaci\u00f3n mensual al \u00cdndice de Precios al Consumidor (IPC). La iniciativa ya ten\u00eda la media sanci\u00f3n de Diputados por dos tercios, n\u00famero que fue ratificado hoy en la C\u00e1mara alta. El presidente Javier Milei adelant\u00f3 que lo vetar\u00e1.<\/h3>\n\n\n\n<p>El Senado de la Naci\u00f3n aprob\u00f3 hoy por dos tercios, en general y en particular, el proyecto que aumenta las jubilaciones en un 8,1 y pliega su actualizaci\u00f3n mensual al \u00cdndice de Precios al Consumir (IPC), que ya tuvo la media sanci\u00f3n de la C\u00e1mara de Diputados con dos tercios y por la cual el presidente Javier Milei asegur\u00f3 que, de sancionarse, la vetar\u00e1.<\/p>\n\n\n\n<p>Fue por 61 votos afirmativos, ocho negativos y cero abstenciones, en general. En particular, la oposici\u00f3n pudo blindar todos los art\u00edculos sensibles para el Gobierno nacional con dos tercios.<\/p>\n\n\n\n<p>Adem\u00e1s del aumento de 8,1 y el cambio en la f\u00f3rmula de actualizaci\u00f3n, la iniciativa contempla que, en marzo de cada a\u00f1o, se aplicar\u00e1 un aumento del 50 por ciento de la variaci\u00f3n de la de la Remuneraci\u00f3n Imponible Promedio de los Trabajadores Estables (RIPTE) por sobre la variaci\u00f3n del \u00cdndice de Precios al Consumidor (IPC) del a\u00f1o anterior.<\/p>\n\n\n\n<p>A su vez, dispone que la ANSES \u201cgarantizar\u00e1, para el caso de las personas que perciban un solo beneficio, el pago de una prestaci\u00f3n con un suplemento dinerario de car\u00e1cter alimentario, de forma tal que los ingresos totales no sean inferiores al \u00faltimo valor de la canasta b\u00e1sica total por adulto multiplicado por 1,09\u201d.<\/p>\n\n\n\n<p>Adem\u00e1s instruye a la instituci\u00f3n a que cancele la totalidad de las deudas que mantiene con las provincias cuyos sistemas previsionales \u201cno fueron transferidos al Estado nacional, como as\u00ed tambi\u00e9n con los beneficiarios que cuenten con sentencia firme, dentro de los 6 meses de la promulgaci\u00f3n de esta ley\u201d.<\/p>\n\n\n\n<p>Su aprobaci\u00f3n significar\u00e1 un gasto del 0,43 por ciento, seg\u00fan especific\u00f3 un estudio realizado por la Oficina de Presupuesto del Congreso (OPC). Ante este panorama, Milei asegur\u00f3 que utilizar\u00eda, por primera vez, su facultad de veto. El jefe de Estado calific\u00f3 como \u201cdegenerados fiscales\u201d a los diputados cuando le dieron luz verde al proyecto.<\/p>\n\n\n\n<p>Semanas atr\u00e1s, la Casa Rosada envi\u00f3 al secretario de Hacienda, Carlos Guberman, y al titular de la ANSES, Mariano de los Heros, para defender el \u201cd\u00e9ficit cero\u201d que promueven Milei y el ministro de Econom\u00eda, Luis Caputo.<\/p>\n\n\n\n<p>Los funcionarios postularon que aceptaban el 8,1, pero no har\u00edan lugar al resto de los puntos. Sin embargo, la propuesta del 8,1 tambi\u00e9n fue condicionada por los emisarios del Poder Ejecutivo al sostener que no ser\u00eda de forma retroactiva a enero, mes en el que las jubilaciones subieron 12,5 frente al 20,6 que fue la inflaci\u00f3n, sino al mes siguiente de la promulgaci\u00f3n de la ley.<\/p>\n","protected":false},"excerpt":{"rendered":"<p>El incremento ser&aacute; del 8,1 por ciento y y pliega su actualizaci&oacute;n mensual al &Iacute;ndice de Precios al Consumidor (IPC). La iniciativa ya ten&iacute;a la media sanci&oacute;n de Diputados por dos tercios, n&uacute;mero que fue ratificado hoy en la C&aacute;mara alta. El presidente Javier Milei adelant&oacute; que lo vetar&aacute;. El Senado de la Naci&oacute;n aprob&oacute; [&hellip;]<\/p>\n","protected":false},"author":2,"featured_media":6412,"comment_status":"open","ping_status":"open","sticky":false,"template":"","format":"standard","meta":{"footnotes":""},"categories":[5,176],"tags":[1980,2776,622,2777,689,230],"class_list":["post-6411","post","type-post","status-publish","format-standard","has-post-thumbnail","hentry","category-nacionales","category-politica","tag-actualizacion","tag-aprueba","tag-aumento","tag-formula","tag-jubilaciones","tag-senado"],"_links":{"self":[{"href":"https:\/\/partediario.com.ar\/index.php?rest_route=\/wp\/v2\/posts\/6411","targetHints":{"allow":["GET"]}}],"collection":[{"href":"https:\/\/partediario.com.ar\/index.php?rest_route=\/wp\/v2\/posts"}],"about":[{"href":"https:\/\/partediario.com.ar\/index.php?rest_route=\/wp\/v2\/types\/post"}],"author":[{"embeddable":true,"href":"https:\/\/partediario.com.ar\/index.php?rest_route=\/wp\/v2\/users\/2"}],"replies":[{"embeddable":true,"href":"https:\/\/partediario.com.ar\/index.php?rest_route=%2Fwp%2Fv2%2Fcomments&post=6411"}],"version-history":[{"count":1,"href":"https:\/\/partediario.com.ar\/index.php?rest_route=\/wp\/v2\/posts\/6411\/revisions"}],"predecessor-version":[{"id":6413,"href":"https:\/\/partediario.com.ar\/index.php?rest_route=\/wp\/v2\/posts\/6411\/revisions\/6413"}],"wp:featuredmedia":[{"embeddable":true,"href":"https:\/\/partediario.com.ar\/index.php?rest_route=\/wp\/v2\/media\/6412"}],"wp:attachment":[{"href":"https:\/\/partediario.com.ar\/index.php?rest_route=%2Fwp%2Fv2%2Fmedia&parent=6411"}],"wp:term":[{"taxonomy":"category","embeddable":true,"href":"https:\/\/partediario.com.ar\/index.php?rest_route=%2Fwp%2Fv2%2Fcategories&post=6411"},{"taxonomy":"post_tag","embeddable":true,"href":"https:\/\/partediario.com.ar\/index.php?rest_route=%2Fwp%2Fv2%2Ftags&post=6411"}],"curies":[{"name":"wp","href":"https:\/\/api.w.org\/{rel}","templated":true}]}}