{"id":6417,"date":"2024-08-23T13:45:00","date_gmt":"2024-08-23T16:45:00","guid":{"rendered":"https:\/\/partediario.com.ar\/?p=6417"},"modified":"2024-08-23T13:45:02","modified_gmt":"2024-08-23T16:45:02","slug":"el-gobierno-estudia-pagar-un-nuevo-bono-para-jubilados","status":"publish","type":"post","link":"https:\/\/partediario.com.ar\/?p=6417","title":{"rendered":"El Gobierno estudia pagar un nuevo bono para jubilados"},"content":{"rendered":"\n<h3 class=\"wp-block-heading\"> Javier Milei dio a conocer que est\u00e1 en estudio pagar un nuevo bono extra a los adultos mayores.<\/h3>\n\n\n\n<p>Tras oficializar un incremento de las jubilaciones a partir de septiembre, y en medio de la pol\u00e9mica por la reforma que aprob\u00f3 la oposici\u00f3n en el Congreso y que el Gobierno anunci\u00f3 que vetar\u00e1, el mandatario dio a conocer que est\u00e1 en estudio pagar un nuevo bono extra a los adultos mayores.<\/p>\n\n\n\n<p>En una entrevista televisiva, Milei contest\u00f3 escuetamente que \u201cest\u00e1 en estudio\u201d el pago de un adicional para los jubilados, que la Ansees pagar\u00eda en septiembre. Sin embargo, no dio m\u00e1s precisiones, de cuanto ser\u00eda el monto.<\/p>\n\n\n\n<p>En los \u00faltimos meses, ANSES deposit\u00f3 a los jubilados un bono de $70.000, que no ajust\u00f3 por inflaci\u00f3n, como s\u00ed lo hizo con los haberes, tal como indica la f\u00f3rmula actual.<\/p>\n","protected":false},"excerpt":{"rendered":"<p>Javier Milei dio a conocer que est&aacute; en estudio pagar un nuevo bono extra a los adultos mayores. Tras oficializar un incremento de las jubilaciones a partir de septiembre, y en medio de la pol&eacute;mica por la reforma que aprob&oacute; la oposici&oacute;n en el Congreso y que el Gobierno anunci&oacute; que vetar&aacute;, el mandatario dio [&hellip;]<\/p>\n","protected":false},"author":2,"featured_media":6418,"comment_status":"open","ping_status":"open","sticky":false,"template":"","format":"standard","meta":{"footnotes":""},"categories":[5,176],"tags":[1266,232,1264],"class_list":["post-6417","post","type-post","status-publish","format-standard","has-post-thumbnail","hentry","category-nacionales","category-politica","tag-bono","tag-javier-milei","tag-jubilados"],"_links":{"self":[{"href":"https:\/\/partediario.com.ar\/index.php?rest_route=\/wp\/v2\/posts\/6417","targetHints":{"allow":["GET"]}}],"collection":[{"href":"https:\/\/partediario.com.ar\/index.php?rest_route=\/wp\/v2\/posts"}],"about":[{"href":"https:\/\/partediario.com.ar\/index.php?rest_route=\/wp\/v2\/types\/post"}],"author":[{"embeddable":true,"href":"https:\/\/partediario.com.ar\/index.php?rest_route=\/wp\/v2\/users\/2"}],"replies":[{"embeddable":true,"href":"https:\/\/partediario.com.ar\/index.php?rest_route=%2Fwp%2Fv2%2Fcomments&post=6417"}],"version-history":[{"count":1,"href":"https:\/\/partediario.com.ar\/index.php?rest_route=\/wp\/v2\/posts\/6417\/revisions"}],"predecessor-version":[{"id":6419,"href":"https:\/\/partediario.com.ar\/index.php?rest_route=\/wp\/v2\/posts\/6417\/revisions\/6419"}],"wp:featuredmedia":[{"embeddable":true,"href":"https:\/\/partediario.com.ar\/index.php?rest_route=\/wp\/v2\/media\/6418"}],"wp:attachment":[{"href":"https:\/\/partediario.com.ar\/index.php?rest_route=%2Fwp%2Fv2%2Fmedia&parent=6417"}],"wp:term":[{"taxonomy":"category","embeddable":true,"href":"https:\/\/partediario.com.ar\/index.php?rest_route=%2Fwp%2Fv2%2Fcategories&post=6417"},{"taxonomy":"post_tag","embeddable":true,"href":"https:\/\/partediario.com.ar\/index.php?rest_route=%2Fwp%2Fv2%2Ftags&post=6417"}],"curies":[{"name":"wp","href":"https:\/\/api.w.org\/{rel}","templated":true}]}}