{"id":6420,"date":"2024-08-23T13:53:59","date_gmt":"2024-08-23T16:53:59","guid":{"rendered":"https:\/\/partediario.com.ar\/?p=6420"},"modified":"2024-08-23T13:55:17","modified_gmt":"2024-08-23T16:55:17","slug":"macri-apoya-el-veto-de-javier-milei-a-la-ley-que-aprobo-el-pro-y-la-oposicion","status":"publish","type":"post","link":"https:\/\/partediario.com.ar\/?p=6420","title":{"rendered":"Macri apoya el veto de Javier Milei a la ley que aprob\u00f3 el PRO y la oposici\u00f3n"},"content":{"rendered":"\n<p><strong>A pesar que los senadores de su propio espacio pol\u00edtico acompa\u00f1aron el aumento de las jubilaciones, el expresidente apoya el veto de Milei.<\/strong><\/p>\n\n\n\n<p>A pesar que los senadores de su propio espacio pol\u00edtico votaron a favor del proyecto que ya ten\u00eda media sanci\u00f3n en Diputados, el ex presidente Mauricio Macri apoy\u00f3 esta ma\u00f1ana por medio de sus redes sociales el anuncio de Javier Milei sobre el veto a la nueva f\u00f3rmula de aumento de las jubilaciones.<\/p>\n\n\n\n<p><\/p>\n\n\n\n<blockquote class=\"twitter-tweet\"><p lang=\"es\" dir=\"ltr\">La mayor\u00eda de los senadores que ahora expresan su preocupaci\u00f3n por los ingresos de los jubilados son los mismos que se opusieron con vehemencia al cierre y venta de empresas del Estado deficitarias y llenas de corrupci\u00f3n. Hay que recordar, tambi\u00e9n, que esos mismos senadores\u2026<\/p>&mdash; Mauricio Macri (@mauriciomacri) <a href=\"https:\/\/twitter.com\/mauriciomacri\/status\/1826937984962208105?ref_src=twsrc%5Etfw\">August 23, 2024<\/a><\/blockquote> <script async src=\"https:\/\/platform.twitter.com\/widgets.js\" charset=\"utf-8\"><\/script>\n\n\n\n<p><\/p>\n\n\n\n<p>\u201cLa mayor\u00eda de los senadores que ahora expresan su preocupaci\u00f3n por los ingresos de los jubilados son los mismos que se opusieron con vehemencia al cierre y venta de empresas del Estado deficitarias y llenas de corrupci\u00f3n\u201d, poste\u00f3.<\/p>\n\n\n\n<p>Y agreg\u00f3: \u201cHay que recordar, tambi\u00e9n, que esos mismos senadores fueron quienes aprobaron la apertura indiscriminada de universidades p\u00fablicas, fuente de despilfarro, y fachadas para el clientelismo y una corrupci\u00f3n fenomenal\u201d.<\/p>\n\n\n\n<p>\u201cFueron ellos los que aprobaron el d\u00e9ficit que empobreci\u00f3 a los argentinos. Ya no se puede discutir m\u00e1s la necesidad del equilibrio fiscal\u201d, apunt\u00f3.<\/p>\n\n\n\n<p>Finaliz\u00f3 diciendo: \u201cPor el bienestar de nuestros jubilados y los nietos de los jubilados, apoyo el veto del presidente Milei\u201d.<\/p>\n\n\n\n<p>El mensaje de respaldo de Macri a Milei se da apenas dos d\u00edas despu\u00e9s de que el ex mandatario le ordenara a los diputados del PRO que den qu\u00f3rum y acompa\u00f1en el rechazo al DNU que firm\u00f3 el Presidente para otorgarle $ 100.000 millones de pesos para fondos reservados de la SIDE.<\/p>\n\n\n\n<p>El mismo mi\u00e9rcoles que el Gobierno sufri\u00f3 ese duro golpe en la c\u00e1mara Baja con el apoyo clave del PRO a la iniciativa opositora, Milei y Macri se reunieron en Olivos.<\/p>\n\n\n\n<p>El gui\u00f1o de Macri a la decisi\u00f3n de Milei de vetar la reforma jubilatoria contrasta de lleno con la postura que asumieron los senadores de su propio espacio, que votaron en l\u00ednea con la UCR y el kirchnerismo. De hecho, de los ocho votos que se opusieron al proyecto que lleg\u00f3 desde Diputados, siete son de los senadores de La Libertad Avanza y uno solo de la cordobesa del PRO Carmen Alvarez Rivero.<\/p>\n","protected":false},"excerpt":{"rendered":"<p>A pesar que los senadores de su propio espacio pol&iacute;tico acompa&ntilde;aron el aumento de las jubilaciones, el expresidente apoya el veto de Milei. A pesar que los senadores de su propio espacio pol&iacute;tico votaron a favor del proyecto que ya ten&iacute;a media sanci&oacute;n en Diputados, el ex presidente Mauricio Macri apoy&oacute; esta ma&ntilde;ana por medio [&hellip;]<\/p>\n","protected":false},"author":2,"featured_media":6421,"comment_status":"open","ping_status":"open","sticky":false,"template":"","format":"standard","meta":{"footnotes":""},"categories":[5,176],"tags":[309,232,1101,2779],"class_list":["post-6420","post","type-post","status-publish","format-standard","has-post-thumbnail","hentry","category-nacionales","category-politica","tag-apoyo","tag-javier-milei","tag-mauricio-macri","tag-veto"],"_links":{"self":[{"href":"https:\/\/partediario.com.ar\/index.php?rest_route=\/wp\/v2\/posts\/6420","targetHints":{"allow":["GET"]}}],"collection":[{"href":"https:\/\/partediario.com.ar\/index.php?rest_route=\/wp\/v2\/posts"}],"about":[{"href":"https:\/\/partediario.com.ar\/index.php?rest_route=\/wp\/v2\/types\/post"}],"author":[{"embeddable":true,"href":"https:\/\/partediario.com.ar\/index.php?rest_route=\/wp\/v2\/users\/2"}],"replies":[{"embeddable":true,"href":"https:\/\/partediario.com.ar\/index.php?rest_route=%2Fwp%2Fv2%2Fcomments&post=6420"}],"version-history":[{"count":1,"href":"https:\/\/partediario.com.ar\/index.php?rest_route=\/wp\/v2\/posts\/6420\/revisions"}],"predecessor-version":[{"id":6422,"href":"https:\/\/partediario.com.ar\/index.php?rest_route=\/wp\/v2\/posts\/6420\/revisions\/6422"}],"wp:featuredmedia":[{"embeddable":true,"href":"https:\/\/partediario.com.ar\/index.php?rest_route=\/wp\/v2\/media\/6421"}],"wp:attachment":[{"href":"https:\/\/partediario.com.ar\/index.php?rest_route=%2Fwp%2Fv2%2Fmedia&parent=6420"}],"wp:term":[{"taxonomy":"category","embeddable":true,"href":"https:\/\/partediario.com.ar\/index.php?rest_route=%2Fwp%2Fv2%2Fcategories&post=6420"},{"taxonomy":"post_tag","embeddable":true,"href":"https:\/\/partediario.com.ar\/index.php?rest_route=%2Fwp%2Fv2%2Ftags&post=6420"}],"curies":[{"name":"wp","href":"https:\/\/api.w.org\/{rel}","templated":true}]}}