{"id":6427,"date":"2024-08-23T14:06:22","date_gmt":"2024-08-23T17:06:22","guid":{"rendered":"https:\/\/partediario.com.ar\/?p=6427"},"modified":"2024-08-23T14:06:28","modified_gmt":"2024-08-23T17:06:28","slug":"salieron-a-la-luz-mas-imagenes-de-fabiola-yanez-con-golpes","status":"publish","type":"post","link":"https:\/\/partediario.com.ar\/?p=6427","title":{"rendered":"Salieron a la luz m\u00e1s im\u00e1genes de Fabiola Y\u00e1nez con golpes"},"content":{"rendered":"\n<h3 class=\"wp-block-heading\">La ex primera dama Fabiola Y\u00e1\u00f1ez present\u00f3 hoy en la justicia im\u00e1genes de las supuestas agresiones que denunci\u00f3 haber sufrido sufri\u00f3 por parte de su ex pareja y ex presidente Alberto Fern\u00e1ndez.<\/h3>\n\n\n\n<p>El nuevo material es una foto y un video en el que Ya\u00f1ez se aplica un tratamiento sobre el ojo derecho que se lo ve morado, informaron fuentes judiciales.<\/p>\n\n\n\n<p>Esta es una nueva prueba que fue incorporada a la causa judicial que tramita el fiscal federal Ramiro Gonz\u00e1lez, que ya contaba con otras fotograf\u00edas; puntualmente, de un moret\u00f3n en el ojo derecho y en el brazo derecho que le envi\u00f3 en agosto de 2021 por mensaje de whatsapp a Mar\u00eda Cantero, ex secretaria de Fern\u00e1ndez que ayer declar\u00f3 como testigo en la causa y que confirm\u00f3 la veracidad de esos mensajes.<\/p>\n\n\n\n<p>Con esta nueva prueba, allegados a Ya\u00f1ez indicaron que \u201cpara los que creen que es maquillaje, as\u00ed se iba tratando el golpe, con hielo para bajarlo\u201d.<\/p>\n\n\n\n<p>Cantero reconoci\u00f3 que conoce a su jefe, Alberto Fern\u00e1ndez, desde hace 35 a\u00f1os y mantiene con \u00e9l una relaci\u00f3n de confianza y amistad, pero asegur\u00f3 que con el entonces presidente \u201cno hablaba de su vida privada\u201d. Por eso, se\u00f1al\u00f3, tampoco le habl\u00f3 de lo que le hab\u00eda contado la primera dama. \u201cNo me correspond\u00eda\u201d, habr\u00eda dicho, destacaron fuentes judiciales.<\/p>\n\n\n\n<p>Cantero detall\u00f3 que los chats fueron justo un a\u00f1o despu\u00e9s de la Fiesta de Olivos. Admiti\u00f3 que ten\u00eda poca relaci\u00f3n con Fabiola y que se comunicaban por WhatsApp. A ese tel\u00e9fono \u201cde siempre\u201d, la pareja de Alberto le envi\u00f3 los chats que \u201csalieron en todos los medios\u201d. En su declaraci\u00f3n, admiti\u00f3 que Fabiola le hablaba sobre los golpes y que hab\u00edan discutido por los mensajes que le enviaba una amiga. Esa amiga ser\u00eda Sof\u00eda Pacchi, la asesora de imagen durante la Fiesta de Olivos, quien tambi\u00e9n est\u00e1 citada a declarar en esta causa.<\/p>\n\n\n\n<p>La semana pasada se revelaron detalles de los chats entre Cantero y Fabiola que fueron encontrados por el juez Juli\u00e1n Ercolini en la causa de los seguros, tras el secuestro del tel\u00e9fono de la secretaria de Alberto Fern\u00e1ndez.<\/p>\n\n\n\n<p>Los mensajes que quedaron en el foco judicial ocurrieron el 12 de agosto. Es Mar\u00eda Cantero quien inicia el di\u00e1logo con un: \u201cHola Faby. Quiero que sepas que cont\u00e1s conmigo para lo que necesites. Hablar, gritar, putear o cagarnos de risa. Lo que quieras. No permitas que ning\u00fan hdp te baje el \u00e1nimo o te entristezca. Todo pasa y vos ten\u00e9s muchas cosas buenas por hacer. Te quiero mucho y ac\u00e1 estoy\u201d.<\/p>\n\n\n\n<p>\u201cSolo quiero un poco de alegr\u00eda, Mar\u00eda!!!\u201d, contesta la entonces pareja del presidente. Env\u00eda un adjunto. \u201cTe quiero, gracias siempre\u201d, le dice. La secretaria vuelve a mostrarle su apoyo. \u201cGracias Mar\u00eda!!! No sab\u00e9s cu\u00e1nto lo necesito en este momento. Te lo digo llorando. No aguanto m\u00e1s esto\u201d.<\/p>\n\n\n\n<p>El nuevo material se dio a conocer tras la declaraci\u00f3n de Cantero en la que admiti\u00f3 que dialog\u00f3 por mensaje con Ya\u00f1ez y reconoci\u00f3 que recibi\u00f3 las primeras fotos que se conocieron del caso. \u201cMe sorprendieron much\u00edsimo\u201d, expres\u00f3 ayer en su declaraci\u00f3n en los tribunales de Comodoro Py ante el fiscal Gonz\u00e1lez, la abogada de la ex primera dama, Mariana Gallego, y la defensora de Alberto Fern\u00e1ndez, Silvina Carreira. Cantero estuvo tres horas en la Fiscal\u00eda y se retir\u00f3 sin hacer declaraciones.<\/p>\n\n\n\n<p>\u201cFaby, ninguno de estos personajes vale una l\u00e1grima tuya\u201d, le contesta la secretaria. \u201cSos fuerte, inteligente y hermosa. Y el sost\u00e9n del hombre m\u00e1s importante. Siempre van a buscar con qu\u00e9 joder. Ten\u00e9s un lugar muy importante donde pod\u00e9s hacer muchas cosas buenas y las boludeces que digan no te lo pueden sacar\u201d.<\/p>\n\n\n\n<p>\u201cY si ese hombre te golpea\u201d, dispara Fabiola. \u201cCon mucho llanto te digo esto. \u00c9l sabe que yo podr\u00eda estar embarazada e igual me golpe\u00f3. No s\u00e9 qu\u00e9 m\u00e1s decir ni a qui\u00e9n aferrarme\u201d.<\/p>\n\n\n\n<p>MC: \u2014Vos ten\u00e9s que estar bien, Faby.<\/p>\n\n\n\n<p>FY: \u2014 Anoche me peg\u00f3.<\/p>\n\n\n\n<p>MC: \u2014 Todo esto es una locura.<\/p>\n\n\n\n<p>FY: \u2014 Hoy me agarr\u00f3 del cuello. Y sabiendo que puedo estar embarazada, me peg\u00f3 una patada en la panza.<\/p>\n\n\n\n<p>Ayer declararon los primeros testigos de la causa. La ronda la inici\u00f3 a la ma\u00f1ana la periodista Alicia Barrios que relat\u00f3 que conoci\u00f3 a Ya\u00f1ez por un programa social en el que estaban trabajando. La describi\u00f3 como una persona inteligencia y de sensibilidad social que estaba desperdiciada en las funciones que le daba el gobierno de su entonces pareja. Barrios dijo que no vio agresiones pero cont\u00f3 que ve\u00eda a Ya\u00f1ez como una persona que sufr\u00eda \u201cviolencia emocional\u201d.<\/p>\n\n\n\n<p>Las declaraciones continuar\u00e1n el pr\u00f3ximo lunes cuando se presente Daniel Rodr\u00edguez, quien fue intendente de la Quinta de Olivos durante los cuatro a\u00f1os de la presidencia de Fern\u00e1ndez y que accedi\u00f3 a ese cargo por la estrecha relaci\u00f3n que ten\u00eda con el entonces presidente.<\/p>\n","protected":false},"excerpt":{"rendered":"<p>La ex primera dama Fabiola Y&aacute;&ntilde;ez present&oacute; hoy en la justicia im&aacute;genes de las supuestas agresiones que denunci&oacute; haber sufrido sufri&oacute; por parte de su ex pareja y ex presidente Alberto Fern&aacute;ndez. El nuevo material es una foto y un video en el que Ya&ntilde;ez se aplica un tratamiento sobre el ojo derecho que se [&hellip;]<\/p>\n","protected":false},"author":2,"featured_media":6428,"comment_status":"open","ping_status":"open","sticky":false,"template":"","format":"standard","meta":{"footnotes":""},"categories":[979,5],"tags":[517,2409,491,2423,2541],"class_list":["post-6427","post","type-post","status-publish","format-standard","has-post-thumbnail","hentry","category-judiciales","category-nacionales","tag-alberto-fernandez","tag-fabiola-yanez-2","tag-golpes","tag-maria-cantero","tag-ramiro-gonzalez"],"_links":{"self":[{"href":"https:\/\/partediario.com.ar\/index.php?rest_route=\/wp\/v2\/posts\/6427","targetHints":{"allow":["GET"]}}],"collection":[{"href":"https:\/\/partediario.com.ar\/index.php?rest_route=\/wp\/v2\/posts"}],"about":[{"href":"https:\/\/partediario.com.ar\/index.php?rest_route=\/wp\/v2\/types\/post"}],"author":[{"embeddable":true,"href":"https:\/\/partediario.com.ar\/index.php?rest_route=\/wp\/v2\/users\/2"}],"replies":[{"embeddable":true,"href":"https:\/\/partediario.com.ar\/index.php?rest_route=%2Fwp%2Fv2%2Fcomments&post=6427"}],"version-history":[{"count":1,"href":"https:\/\/partediario.com.ar\/index.php?rest_route=\/wp\/v2\/posts\/6427\/revisions"}],"predecessor-version":[{"id":6429,"href":"https:\/\/partediario.com.ar\/index.php?rest_route=\/wp\/v2\/posts\/6427\/revisions\/6429"}],"wp:featuredmedia":[{"embeddable":true,"href":"https:\/\/partediario.com.ar\/index.php?rest_route=\/wp\/v2\/media\/6428"}],"wp:attachment":[{"href":"https:\/\/partediario.com.ar\/index.php?rest_route=%2Fwp%2Fv2%2Fmedia&parent=6427"}],"wp:term":[{"taxonomy":"category","embeddable":true,"href":"https:\/\/partediario.com.ar\/index.php?rest_route=%2Fwp%2Fv2%2Fcategories&post=6427"},{"taxonomy":"post_tag","embeddable":true,"href":"https:\/\/partediario.com.ar\/index.php?rest_route=%2Fwp%2Fv2%2Ftags&post=6427"}],"curies":[{"name":"wp","href":"https:\/\/api.w.org\/{rel}","templated":true}]}}