{"id":6430,"date":"2024-08-23T14:14:24","date_gmt":"2024-08-23T17:14:24","guid":{"rendered":"https:\/\/partediario.com.ar\/?p=6430"},"modified":"2024-08-23T17:41:56","modified_gmt":"2024-08-23T20:41:56","slug":"el-aumento-a-los-jubilados-es-la-ruina-del-pais-dijo-milei","status":"publish","type":"post","link":"https:\/\/partediario.com.ar\/?p=6430","title":{"rendered":"El aumento a los jubilados \u201ces la ruina del pa\u00eds\u201d, dijo Milei"},"content":{"rendered":"\n<p><strong>A menos de 24 horas de se\u00f1alar que va a vetar la nueva ley de movilidad jubilatoria que obtuvo la aprobaci\u00f3n de las dos c\u00e1maras, el presidente Javier Milei arremeti\u00f3 contra los diputados y senadores que impulsaron ese proyecto, al que tild\u00f3 de ser \u201cun atentado\u201d que condena a la pobreza y a la indigencia a las generaciones futuras.<\/strong><\/p>\n\n\n\n<p>En una semana de much\u00edsima fricci\u00f3n con el PRO, luego que Mauricio Macri mandara a sus diputados a votar en contra del decreto que le asignaba 100 mil millones de pesos a la SIDE, que sospechaban ser\u00edan manejados por el estratega presidencial Santiago Caputo, el presidente adem\u00e1s habl\u00f3 de su relaci\u00f3n con el l\u00edder de Pro y confirm\u00f3 que se reunieron en Olivos a cenar. A pesar de eso, afirm\u00f3 que no lo convencieron sus explicaciones.<\/p>\n\n\n\n<p><\/p>\n\n\n\n<blockquote class=\"twitter-tweet\"><p lang=\"es\" dir=\"ltr\">Tiene raz\u00f3n <a href=\"https:\/\/twitter.com\/JMilei?ref_src=twsrc%5Etfw\">@JMilei<\/a> <a href=\"https:\/\/t.co\/AhhSFwLMgO\">https:\/\/t.co\/AhhSFwLMgO<\/a><\/p>&mdash; Alejandro Fargosi (@fargosi) <a href=\"https:\/\/twitter.com\/fargosi\/status\/1826972630416564643?ref_src=twsrc%5Etfw\">August 23, 2024<\/a><\/blockquote> <script async src=\"https:\/\/platform.twitter.com\/widgets.js\" charset=\"utf-8\"><\/script>\n\n\n\n<p><\/p>\n\n\n\n<p>\u201cEl da\u00f1o que se est\u00e1 causando con esto no es menor, los irresponsables le han costado al pa\u00eds 370 mil millones de d\u00f3lares y el hundimiento definitivo en la pobreza y en la indigencia a los j\u00f3venes. Es un atentado directamente contra el bienestar de los argentinos presentes y futuros, es la ruina del pa\u00eds\u201d, apunt\u00f3 Milei sobre la ley que modifica la f\u00f3rmula para las jubilaciones establecida por su administraci\u00f3n y que pretende una compensaci\u00f3n mayor para las personas que perciben estos haberes. El jueves por la noche, un comunicado de la Oficina del Presidente confirm\u00f3 que vetar\u00eda la iniciativa. Este viernes dijo que ese veto ser\u00e1 total.<\/p>\n\n\n\n<p>\u201cLo que hay que tener en cuenta es el error conceptual y perjudicial que significa esto para los argentinos. Nos parece una irresponsabilidad por parte del Congreso hacer algo as\u00ed, estar\u00eda condenando a los argentinos sin remedio\u201d, agreg\u00f3 el mandatario, que se reuni\u00f3 con un grupo de economistas en la quinta presidencial.<\/p>\n\n\n\n<p>Milei adem\u00e1s dispar\u00f3 un dardo al kirchnerismo y consider\u00f3 \u201cgracioso\u201d que se ocupe de las jubilaciones cuando la gesti\u00f3n anterior de Alberto Fern\u00e1ndez las licu\u00f3 30% y ahora, de acuerdo a sus planteos, est\u00e1n 5% arriba que en noviembre. \u201cEst\u00e1n los videos que muestran a N\u00e9stor Kirchner, a Cristina Kirchner, a Miguel \u00c1ngel Pichetto cuando deciden vetar el 82% m\u00f3vil. Son las mismas personas que incrementaron los jubilados sin aportes, sumaron 3,5 millones de personas, que tienen 1 mill\u00f3n de pensiones truchas\u2026 Es una contradicci\u00f3n y un agujero negro en t\u00e9rminos fiscales\u201d, dijo y coment\u00f3: \u201cHay que recordar que cuando el gobierno de Mauricio Macri recibi\u00f3 las 14 toneladas de piedras fue para tratar de evitar este tipo de desaguisados\u201d.<\/p>\n\n\n\n<p>Convencido de que a los opositores \u201clos n\u00fameros no les dan\u201d, Milei argument\u00f3: \u201c\u00bfPor qu\u00e9 lo quieren hacer ahora? \u00bfQuieren romper a este gobierno? No tengo dudas de que s\u00ed porque si les va bien a los argentinos, vamos a estar mejor. Y estas ratas no vuelven m\u00e1s\u201d.<\/p>\n\n\n\n<p>Tambi\u00e9n se\u00f1al\u00f3 que este proyecto viola la ley de administraci\u00f3n financiera debido a que no crea una contrapartida para los nuevos gastos que implicar\u00e1. \u201cEs importante tener conciencia de que cuando ponen un n\u00famero\u2026 Entiendo que no sean economistas y que sean personas que suman con dificultad. En el kirchnerismo es bastante claro, se quejan del endeudamiento pero les gusta el d\u00e9ficit fiscal, tienen problemas de disonancia cognitiva para sumar y restar. Y el resto que ha votado esto tambi\u00e9n\u201d, marc\u00f3. Asimismo dijo que el tratamiento de la iniciativa devel\u00f3 la \u201cignorancia\u201d de los integrantes del Congreso.<\/p>\n\n\n\n<p>En tanto, siempre para justificar el veto, expres\u00f3 que el costo de esta ley ser\u00e1 \u201cde ac\u00e1 a la eternidad\u201d y desglos\u00f3 que en una econom\u00eda con una tasa de 5% implicar\u00eda que subi\u00f3 24 puntos del PBI la deuda, o sea, \u201ctoda la deuda externa de la Argentina\u201d. Tambi\u00e9n dijo que por los mecanismos de compensaci\u00f3n que tiene la norma, y si se toma en cuenta un crecimiento de la econom\u00eda de 3%, implicar\u00eda elevar la deuda a 62 puntos del PBI. \u201cLa medida demag\u00f3gica que vot\u00f3 el Senado implica un incremento de la deuda de 370 mil millones de d\u00f3lares\u201d, refiri\u00f3.<\/p>\n\n\n\n<p>Dijo que todas estas explicaciones las dar\u00e1 si el Congreso insiste con 2\/3 para que la ley quede firme pese al veto y adelant\u00f3 que en Balcarce 50 trabajan en un nuevo bono para jubilados en septiembre. \u201cEl Gobierno no tiene dinero para sacar esa ley, que expliciten a qui\u00e9n quieren que le cobremos impuestos, a qui\u00e9n le quieren arruinar la vida\u201d, expres\u00f3 el presidente libertario.<\/p>\n","protected":false},"excerpt":{"rendered":"<p>A menos de 24 horas de se&ntilde;alar que va a vetar la nueva ley de movilidad jubilatoria que obtuvo la aprobaci&oacute;n de las dos c&aacute;maras, el presidente Javier Milei arremeti&oacute; contra los diputados y senadores que impulsaron ese proyecto, al que tild&oacute; de ser &ldquo;un atentado&rdquo; que condena a la pobreza y a la indigencia [&hellip;]<\/p>\n","protected":false},"author":2,"featured_media":6431,"comment_status":"open","ping_status":"open","sticky":false,"template":"","format":"standard","meta":{"footnotes":""},"categories":[5,176],"tags":[232,1264],"class_list":["post-6430","post","type-post","status-publish","format-standard","has-post-thumbnail","hentry","category-nacionales","category-politica","tag-javier-milei","tag-jubilados"],"_links":{"self":[{"href":"https:\/\/partediario.com.ar\/index.php?rest_route=\/wp\/v2\/posts\/6430","targetHints":{"allow":["GET"]}}],"collection":[{"href":"https:\/\/partediario.com.ar\/index.php?rest_route=\/wp\/v2\/posts"}],"about":[{"href":"https:\/\/partediario.com.ar\/index.php?rest_route=\/wp\/v2\/types\/post"}],"author":[{"embeddable":true,"href":"https:\/\/partediario.com.ar\/index.php?rest_route=\/wp\/v2\/users\/2"}],"replies":[{"embeddable":true,"href":"https:\/\/partediario.com.ar\/index.php?rest_route=%2Fwp%2Fv2%2Fcomments&post=6430"}],"version-history":[{"count":1,"href":"https:\/\/partediario.com.ar\/index.php?rest_route=\/wp\/v2\/posts\/6430\/revisions"}],"predecessor-version":[{"id":6432,"href":"https:\/\/partediario.com.ar\/index.php?rest_route=\/wp\/v2\/posts\/6430\/revisions\/6432"}],"wp:featuredmedia":[{"embeddable":true,"href":"https:\/\/partediario.com.ar\/index.php?rest_route=\/wp\/v2\/media\/6431"}],"wp:attachment":[{"href":"https:\/\/partediario.com.ar\/index.php?rest_route=%2Fwp%2Fv2%2Fmedia&parent=6430"}],"wp:term":[{"taxonomy":"category","embeddable":true,"href":"https:\/\/partediario.com.ar\/index.php?rest_route=%2Fwp%2Fv2%2Fcategories&post=6430"},{"taxonomy":"post_tag","embeddable":true,"href":"https:\/\/partediario.com.ar\/index.php?rest_route=%2Fwp%2Fv2%2Ftags&post=6430"}],"curies":[{"name":"wp","href":"https:\/\/api.w.org\/{rel}","templated":true}]}}