{"id":6443,"date":"2024-08-23T18:44:50","date_gmt":"2024-08-23T21:44:50","guid":{"rendered":"https:\/\/partediario.com.ar\/?p=6443"},"modified":"2024-08-23T18:53:29","modified_gmt":"2024-08-23T21:53:29","slug":"votaciones-del-pro-en-el-congreso-basta-de-especular-cruzo-bullrich-a-macri","status":"publish","type":"post","link":"https:\/\/partediario.com.ar\/?p=6443","title":{"rendered":"Votaciones del PRO en el Congreso: \u00abBasta de especular\u00bb, Bullrich cruz\u00f3 a Macri"},"content":{"rendered":"\n<h3 class=\"wp-block-heading\">La ministra de Seguridad apunt\u00f3 contra el expresidente Mauricio Macri de mandar a los senadores a votar a favor de la reforma jubilatoria. Horas atr\u00e1s, el l\u00edder de PRO, respald\u00f3 al presidente libertario en su veto al proyecto de movilidad jubilatoria y se despeg\u00f3 de los legisladores de su fuerza que apoyaron la iniciativa opositora.<\/h3>\n\n\n\n<p>La ministra de Seguridad, Patricia Bullrich, acus\u00f3 al expresidente Mauricio Macri de mandar a los senadores a votar a favor de la reforma jubilatoria. \u201cEs un proyecto fiscalmente irresponsable\u201d, asegur\u00f3, en respuesta al mensaje en que Macri cargaba contra la oposici\u00f3n y dec\u00eda apoyar el veto de Milei al proyecto.<\/p>\n\n\n\n<p><\/p>\n\n\n\n<blockquote class=\"twitter-tweet\"><p lang=\"es\" dir=\"ltr\">Uno est\u00e1 a favor o en contra del cambio. Est\u00e1 mal mandar a los senadores del PRO a votar a favor de un proyecto fiscalmente irresponsable y despu\u00e9s p\u00fablicamente salir a decir que est\u00e1s en contra. Usan a los senadores como carne de ca\u00f1\u00f3n y atentan contra el plan econ\u00f3mico del\u2026 <a href=\"https:\/\/t.co\/lrXtgVpJbj\">https:\/\/t.co\/lrXtgVpJbj<\/a><\/p>&mdash; Patricia Bullrich (@PatoBullrich) <a href=\"https:\/\/twitter.com\/PatoBullrich\/status\/1827009826976620811?ref_src=twsrc%5Etfw\">August 23, 2024<\/a><\/blockquote> <script async src=\"https:\/\/platform.twitter.com\/widgets.js\" charset=\"utf-8\"><\/script>\n\n\n\n<p><\/p>\n\n\n\n<p>Las declaraciones de Bullrich si dieron en respuesta al tweet que public\u00f3 el ex Presidente respaldando la decisi\u00f3n de Milei en vetar la reforma jubilatoria. \u201cLa mayor\u00eda de los senadores que ahora expresan su preocupaci\u00f3n por los ingresos de los jubilados son los mismos que se opusieron con vehemencia al cierre y venta de empresas del Estado deficitarias y llenas de corrupci\u00f3n(\u2026), aprobaron la apertura indiscriminada de universidades p\u00fablicas (\u2026) y aprobaron el d\u00e9ficit que empobreci\u00f3 a los argentinos\u201d, hab\u00eda escrito en su cuenta de X Macri.<\/p>\n\n\n\n<p>Sobre este punto, Bullrich cito la publicaci\u00f3n y expres\u00f3: \u00abUno est\u00e1 a favor o en contra del cambio. Est\u00e1 mal mandar a los senadores del PRO a votar a favor de un proyecto fiscalmente irresponsable y despu\u00e9s p\u00fablicamente salir a decir que est\u00e1s en contra. Usan a los senadores como carne de ca\u00f1\u00f3n y atentan contra el plan econ\u00f3mico del gobierno que dicen apoyar. Est\u00e1s de un lado o del otro. Basta de especular\u00bb, dispar\u00f3 Bullrich.<\/p>\n\n\n\n<p>El jueves en el recinto los senadores de Pro votaron a favor de la iniciativa -menos Carmen \u00c1lvarez Rivero- y as\u00ed se logr\u00f3 hacerla avanzar con dos tercios de la c\u00e1mara. Solo se opusieron la cordobesa y los siete libertarios. Luego la mayor\u00eda de los amarillentos se manifestaron en contra de parte del articulado, en sinton\u00eda con la Casa Rosada.<\/p>\n","protected":false},"excerpt":{"rendered":"<p>La ministra de Seguridad apunt&oacute; contra el expresidente Mauricio Macri de mandar a los senadores a votar a favor de la reforma jubilatoria. Horas atr&aacute;s, el l&iacute;der de PRO, respald&oacute; al presidente libertario en su veto al proyecto de movilidad jubilatoria y se despeg&oacute; de los legisladores de su fuerza que apoyaron la iniciativa opositora. [&hellip;]<\/p>\n","protected":false},"author":2,"featured_media":6444,"comment_status":"open","ping_status":"open","sticky":false,"template":"","format":"standard","meta":{"footnotes":""},"categories":[5,176],"tags":[229,232,1101,510],"class_list":["post-6443","post","type-post","status-publish","format-standard","has-post-thumbnail","hentry","category-nacionales","category-politica","tag-congreso","tag-javier-milei","tag-mauricio-macri","tag-patricia-bullrich"],"_links":{"self":[{"href":"https:\/\/partediario.com.ar\/index.php?rest_route=\/wp\/v2\/posts\/6443","targetHints":{"allow":["GET"]}}],"collection":[{"href":"https:\/\/partediario.com.ar\/index.php?rest_route=\/wp\/v2\/posts"}],"about":[{"href":"https:\/\/partediario.com.ar\/index.php?rest_route=\/wp\/v2\/types\/post"}],"author":[{"embeddable":true,"href":"https:\/\/partediario.com.ar\/index.php?rest_route=\/wp\/v2\/users\/2"}],"replies":[{"embeddable":true,"href":"https:\/\/partediario.com.ar\/index.php?rest_route=%2Fwp%2Fv2%2Fcomments&post=6443"}],"version-history":[{"count":2,"href":"https:\/\/partediario.com.ar\/index.php?rest_route=\/wp\/v2\/posts\/6443\/revisions"}],"predecessor-version":[{"id":6446,"href":"https:\/\/partediario.com.ar\/index.php?rest_route=\/wp\/v2\/posts\/6443\/revisions\/6446"}],"wp:featuredmedia":[{"embeddable":true,"href":"https:\/\/partediario.com.ar\/index.php?rest_route=\/wp\/v2\/media\/6444"}],"wp:attachment":[{"href":"https:\/\/partediario.com.ar\/index.php?rest_route=%2Fwp%2Fv2%2Fmedia&parent=6443"}],"wp:term":[{"taxonomy":"category","embeddable":true,"href":"https:\/\/partediario.com.ar\/index.php?rest_route=%2Fwp%2Fv2%2Fcategories&post=6443"},{"taxonomy":"post_tag","embeddable":true,"href":"https:\/\/partediario.com.ar\/index.php?rest_route=%2Fwp%2Fv2%2Ftags&post=6443"}],"curies":[{"name":"wp","href":"https:\/\/api.w.org\/{rel}","templated":true}]}}