{"id":6458,"date":"2024-08-24T11:25:07","date_gmt":"2024-08-24T14:25:07","guid":{"rendered":"https:\/\/partediario.com.ar\/?p=6458"},"modified":"2024-08-24T11:25:08","modified_gmt":"2024-08-24T14:25:08","slug":"cayo-el-consumo-de-yerba-mate-cerca-de-un-40-por-ciento","status":"publish","type":"post","link":"https:\/\/partediario.com.ar\/?p=6458","title":{"rendered":"Cay\u00f3 el consumo de yerba mate cerca de un 40 por ciento"},"content":{"rendered":"\n<h3 class=\"wp-block-heading\">El empresario yerbatero de Misiones Fernando Chesani destac\u00f3 que \u201cestamos pasando por un momento de una fuerte contracci\u00f3n del consumo, y hasta para tomar mate se est\u00e1 complicando, ha ca\u00eddo el consumo despu\u00e9s de a\u00f1os de bonanza del sector.<\/h3>\n\n\n\n<p>\u201cNo est\u00e1n dejando de lado el mate, por ah\u00ed se toma menos o se cambia de marca. Hoy un paquete tiene un valor importante, pero lo que encarece es la intermediaci\u00f3n. Hoy del molino el precio no tiene relaci\u00f3n con lo que aparece en la g\u00f3ndola, en leche pasa lo mismo\u201d, explic\u00f3 el empresario, que produce la yerba mate Encuentro, entre otras marcas, se\u00f1al\u00f3. Y agreg\u00f3: \u00abse estima en un 30 a un 40 por ciento de ca\u00edda de ventas\u00bb.<\/p>\n\n\n\n<p>\u201cLas marcas que venimos atr\u00e1s de las de primera l\u00ednea, competimos en calidad pero no en g\u00f3ndolas. La zona de la Mesopotamia es una gran consumidora, est\u00e1 bastante masificado el consumo, ayud\u00f3 que los jugadores de la Selecci\u00f3n consuman yerba, y los j\u00f3venes tambi\u00e9n consumen\u201d, expres\u00f3.<\/p>\n\n\n\n<p>Sobre la cosecha, Chesani indic\u00f3 que el a\u00f1o fue \u201cbueno\u201d y subray\u00f3 que cuentan con un buen nivel de producci\u00f3n en la zona, que se vio alentada por las condiciones clim\u00e1ticas en la provincia.<\/p>\n\n\n\n<p>Respecto a la popular marca Canaria, el productor se\u00f1al\u00f3 que sus elevados precios, pueden deberse entre otros aspectos, a \u201cmoda y status\u201d, \u201cpor ah\u00ed la yerba que toma Messi\u2026la comercializa Uruguay pero se produce en Brasil. La yerba despalada cuesta m\u00e1s porque es m\u00e1s pura, y es m\u00e1s intensa en su gusto\u201d, finaliz\u00f3.<\/p>\n","protected":false},"excerpt":{"rendered":"<p>El empresario yerbatero de Misiones Fernando Chesani destac&oacute; que &ldquo;estamos pasando por un momento de una fuerte contracci&oacute;n del consumo, y hasta para tomar mate se est&aacute; complicando, ha ca&iacute;do el consumo despu&eacute;s de a&ntilde;os de bonanza del sector. &ldquo;No est&aacute;n dejando de lado el mate, por ah&iacute; se toma menos o se cambia de [&hellip;]<\/p>\n","protected":false},"author":2,"featured_media":6459,"comment_status":"open","ping_status":"open","sticky":false,"template":"","format":"standard","meta":{"footnotes":""},"categories":[5,726],"tags":[559,2790],"class_list":["post-6458","post","type-post","status-publish","format-standard","has-post-thumbnail","hentry","category-nacionales","category-sociedad","tag-caida","tag-yerba-mate"],"_links":{"self":[{"href":"https:\/\/partediario.com.ar\/index.php?rest_route=\/wp\/v2\/posts\/6458","targetHints":{"allow":["GET"]}}],"collection":[{"href":"https:\/\/partediario.com.ar\/index.php?rest_route=\/wp\/v2\/posts"}],"about":[{"href":"https:\/\/partediario.com.ar\/index.php?rest_route=\/wp\/v2\/types\/post"}],"author":[{"embeddable":true,"href":"https:\/\/partediario.com.ar\/index.php?rest_route=\/wp\/v2\/users\/2"}],"replies":[{"embeddable":true,"href":"https:\/\/partediario.com.ar\/index.php?rest_route=%2Fwp%2Fv2%2Fcomments&post=6458"}],"version-history":[{"count":1,"href":"https:\/\/partediario.com.ar\/index.php?rest_route=\/wp\/v2\/posts\/6458\/revisions"}],"predecessor-version":[{"id":6460,"href":"https:\/\/partediario.com.ar\/index.php?rest_route=\/wp\/v2\/posts\/6458\/revisions\/6460"}],"wp:featuredmedia":[{"embeddable":true,"href":"https:\/\/partediario.com.ar\/index.php?rest_route=\/wp\/v2\/media\/6459"}],"wp:attachment":[{"href":"https:\/\/partediario.com.ar\/index.php?rest_route=%2Fwp%2Fv2%2Fmedia&parent=6458"}],"wp:term":[{"taxonomy":"category","embeddable":true,"href":"https:\/\/partediario.com.ar\/index.php?rest_route=%2Fwp%2Fv2%2Fcategories&post=6458"},{"taxonomy":"post_tag","embeddable":true,"href":"https:\/\/partediario.com.ar\/index.php?rest_route=%2Fwp%2Fv2%2Ftags&post=6458"}],"curies":[{"name":"wp","href":"https:\/\/api.w.org\/{rel}","templated":true}]}}