{"id":6461,"date":"2024-08-24T11:30:13","date_gmt":"2024-08-24T14:30:13","guid":{"rendered":"https:\/\/partediario.com.ar\/?p=6461"},"modified":"2024-08-24T19:15:48","modified_gmt":"2024-08-24T22:15:48","slug":"confirmaron-el-primer-caso-autoctono-de-la-viruela-del-mono","status":"publish","type":"post","link":"https:\/\/partediario.com.ar\/?p=6461","title":{"rendered":"Confirmaron el primer caso aut\u00f3ctono de la Viruela del Mono"},"content":{"rendered":"\n<h3 class=\"wp-block-heading\">Se trata de un paciente de 22 a\u00f1os que se encuentra aislado hasta que el cuadro no sea contagioso. Este es el 10\u00b0 caso en la Argentina.<\/h3>\n\n\n\n<p>El Municipio de San Isidro confirm\u00f3 que se detect\u00f3 un caso de viruela s\u00edmica en el Hospital Municipal de Boulogne. El paciente, un joven de 22 a\u00f1os sin antecedentes de viaje, se encuentra aislado en su domicilio, informaron fuentes de salud del municipio.<\/p>\n\n\n\n<p>Seg\u00fan indicaron, el paciente lleg\u00f3 al hospital presentando s\u00edntomas compatibles con la Viruela del Mono, lo que llev\u00f3 a la recolecci\u00f3n inmediata de muestras enviadas al Instituto Malbr\u00e1n. Los resultados, obtenidos en 24 horas, confirmaron la presencia del virus. El joven permanecer\u00e1 aislado hasta que las lesiones se curen completamente y el cuadro deje de ser contagioso.<\/p>\n\n\n\n<p>Este es el primer caso aut\u00f3ctono en Argentina de la temporada y desde que la Organizaci\u00f3n Mundial de la Salud (OMS) declar\u00f3 la emergencia m\u00e9dica mundial por el brote de viruela del mono en \u00c1frica.<\/p>\n\n\n\n<p>En la Argentina, el primer caso confirmado de mpox (clado IIb) se hab\u00eda registrado en mayo de 2022. Desde entonces se han notificado 1158 casos confirmados con dos fallecidos. En lo que va del a\u00f1o 2024, se hab\u00edan notificado 9 casos de viruela s\u00edmica en el pa\u00eds, seg\u00fan report\u00f3 el Ministerio de Salud de la Naci\u00f3n en su \u00faltimo Bolet\u00edn oficial. Este caso en San Isidro es el d\u00e9cimo.<\/p>\n\n\n\n<p>El Ministerio de Salud de la provincia de Buenos Aires hab\u00eda informado sobre dos casos de viruela s\u00edmica en varones de 34 y 25 a\u00f1os, residentes en la regi\u00f3n AMBA, que est\u00e1n a\u00fan en estudio para determinar el clado del virus que contrajeron. Uno de estos hombres fue diagnosticado en junio y ten\u00eda antecedentes de un viaje a M\u00e9xico, mientras que el otro fue diagnosticado en julio despu\u00e9s de haber tenido contacto con un viajero procedente de Brasil.<\/p>\n","protected":false},"excerpt":{"rendered":"<p>Se trata de un paciente de 22 a&ntilde;os que se encuentra aislado hasta que el cuadro no sea contagioso. Este es el 10&deg; caso en la Argentina. El Municipio de San Isidro confirm&oacute; que se detect&oacute; un caso de viruela s&iacute;mica en el Hospital Municipal de Boulogne. El paciente, un joven de 22 a&ntilde;os sin [&hellip;]<\/p>\n","protected":false},"author":2,"featured_media":6462,"comment_status":"open","ping_status":"open","sticky":false,"template":"","format":"standard","meta":{"footnotes":""},"categories":[5,726],"tags":[411,2791,2792,2379,2679],"class_list":["post-6461","post","type-post","status-publish","format-standard","has-post-thumbnail","hentry","category-nacionales","category-sociedad","tag-argentina","tag-aut","tag-autoctono","tag-san-isidro","tag-viruela-del-mono"],"_links":{"self":[{"href":"https:\/\/partediario.com.ar\/index.php?rest_route=\/wp\/v2\/posts\/6461","targetHints":{"allow":["GET"]}}],"collection":[{"href":"https:\/\/partediario.com.ar\/index.php?rest_route=\/wp\/v2\/posts"}],"about":[{"href":"https:\/\/partediario.com.ar\/index.php?rest_route=\/wp\/v2\/types\/post"}],"author":[{"embeddable":true,"href":"https:\/\/partediario.com.ar\/index.php?rest_route=\/wp\/v2\/users\/2"}],"replies":[{"embeddable":true,"href":"https:\/\/partediario.com.ar\/index.php?rest_route=%2Fwp%2Fv2%2Fcomments&post=6461"}],"version-history":[{"count":1,"href":"https:\/\/partediario.com.ar\/index.php?rest_route=\/wp\/v2\/posts\/6461\/revisions"}],"predecessor-version":[{"id":6463,"href":"https:\/\/partediario.com.ar\/index.php?rest_route=\/wp\/v2\/posts\/6461\/revisions\/6463"}],"wp:featuredmedia":[{"embeddable":true,"href":"https:\/\/partediario.com.ar\/index.php?rest_route=\/wp\/v2\/media\/6462"}],"wp:attachment":[{"href":"https:\/\/partediario.com.ar\/index.php?rest_route=%2Fwp%2Fv2%2Fmedia&parent=6461"}],"wp:term":[{"taxonomy":"category","embeddable":true,"href":"https:\/\/partediario.com.ar\/index.php?rest_route=%2Fwp%2Fv2%2Fcategories&post=6461"},{"taxonomy":"post_tag","embeddable":true,"href":"https:\/\/partediario.com.ar\/index.php?rest_route=%2Fwp%2Fv2%2Ftags&post=6461"}],"curies":[{"name":"wp","href":"https:\/\/api.w.org\/{rel}","templated":true}]}}