{"id":6465,"date":"2024-08-24T19:19:01","date_gmt":"2024-08-24T22:19:01","guid":{"rendered":"https:\/\/partediario.com.ar\/?p=6465"},"modified":"2024-08-24T19:19:02","modified_gmt":"2024-08-24T22:19:02","slug":"milei-recalienta-la-pelea-con-el-pro-y-apunto-nuevamente-contra-el-congreso","status":"publish","type":"post","link":"https:\/\/partediario.com.ar\/?p=6465","title":{"rendered":"Milei recalienta la pelea con el PRO y apunt\u00f3 nuevamente contra el Congreso"},"content":{"rendered":"\n<h3 class=\"wp-block-heading\">El mandatario fue muy cr\u00edtico con los legisladores del espacio liderado por Mauricio Macri tras aprobar la reforma jubilatoria. Insisti\u00f3 en que buscan \u00abromper el programa econ\u00f3mico\u00bb.<\/h3>\n\n\n\n<p>Javier Milei enfrenta nuevamente a la oposici\u00f3n y particularmente con los legisladores que aprobaron la ley de reforma jubilatoria. En declaraciones radiales, el presidente los tild\u00f3 como \u00abuna manga de mentirosos demagogos\u00bb y fue terminante contra el PRO, que votaron a favor de la iniciativa junto con la UCR y el kirchnerismo.<\/p>\n\n\n\n<p>\u00abJuntos por el Cambio se comi\u00f3 14 toneladas de piedras por querer hacer una reforma previsional en l\u00ednea con la que presentamos y ahora votan con los kirchneristas una porquer\u00eda para quebrar el sistema\u00bb, argument\u00f3 el mandatario.<\/p>\n\n\n\n<p>\u00abP\u00f3nganse de acuerdo. Son una manga de mentirosos demagogos\u00bb, apunt\u00f3 en un nuevo cap\u00edtulo de cruces entre el oficialismo con el PRO.<\/p>\n\n\n\n<p>El propio Mauricio Macri tuvo que interceder con un mensaje de apoyo para Milei y un cuestionamiento contra los miembros de su partido que respaldaron la reforma jubilatoria.<\/p>\n\n\n\n<p>En ese contexto, el gobernante evit\u00f3 meterse en la interna del partido liderado por Macri y se\u00f1al\u00f3 que \u00abes algo que tienen que resolver puertas adentro en Juntos por el Cambio\u00bb.<\/p>\n\n\n\n<p>Y ratific\u00f3 nuevamente el veto contra la medida y lanz\u00f3 una nueva advertencia: \u00abCada vez que los degenerados fiscales del Congreso vayan contra el equilibrio fiscal, yo les voy a responder con un veto\u00bb.<\/p>\n\n\n\n<p>Para Milei, la aprobaci\u00f3n de la normativa apunta \u00aba querer romper el programa econ\u00f3mico\u00bb y lo denomin\u00f3 como un \u00abacto de demagogia barata de las ratas que est\u00e1n en el Congreso\u00bb.<\/p>\n\n\n\n<p>\u00abEsta medida es profundamente irresponsable. la casta pol\u00edtica, la basura que vot\u00f3 esto, est\u00e1 intentando exterminar a la juventud argentina\u00bb, subray\u00f3.<\/p>\n\n\n\n<p>Consultado por la SIDE, Milei expres\u00f3 que la intenci\u00f3n del Gobierno no es usar la agencia con el prop\u00f3sito de \u00abperseguir gente\u00bb. Adem\u00e1s, no ocult\u00f3 su enojo por la decisi\u00f3n de que Mart\u00edn Lousteau haya sido elegido como responsable de la bicameral.<\/p>\n\n\n\n<p>\u00abUsted no puede poner en la bicameral a un kirchnerista del closet como es el caso de Lousteau. O poner gente como Parrilli o Moreau que son c\u00f3mplices del memorandum de entendimiento con Ir\u00e1n, siendo que fue part\u00edcipe de los atentados\u00bb, dispar\u00f3.<\/p>\n\n\n\n<p>Y agreg\u00f3: \u00abSalvo que pretenden que en la Argentina pase algo malo o quieran que a mi me pase algo malo, que puede ser, dado el odio que le genera mi presidencia porque les estoy dinamitando todo\u00bb.<\/p>\n\n\n\n<p>Milei sobre la posibilidad de la reelecci\u00f3n<\/p>\n\n\n\n<p>En otro tramo de la charla radial, el Jefe de Estado volvi\u00f3 a dejar abierta la idea de un segundo mandato y consider\u00f3 que \u00absi todo camina como hasta ahora es obvio que ser\u00eda un escenario razonable\u00bb.<\/p>\n\n\n\n<p>\u00ab\u00bfQu\u00e9 me pidieron? Que baje la inflaci\u00f3n y termine con la inseguridad. \u00bfQu\u00e9 pas\u00f3? La inflaci\u00f3n est\u00e1 bajando, la inseguridad cay\u00f3 fuertemente y encima estamos recuperando econom\u00eda, y adem\u00e1s hicimos la reforma estructural m\u00e1s grande de la historia\u00bb, destac\u00f3.<\/p>\n\n\n\n<p>Finaliz\u00f3 diciendo: \u00abQuiero hacer todas las reformas tal que cuando me vaya del poder Argentina sea el pa\u00eds m\u00e1s libre del mundo\u00bb.<\/p>\n","protected":false},"excerpt":{"rendered":"<p>El mandatario fue muy cr&iacute;tico con los legisladores del espacio liderado por Mauricio Macri tras aprobar la reforma jubilatoria. Insisti&oacute; en que buscan &laquo;romper el programa econ&oacute;mico&raquo;. Javier Milei enfrenta nuevamente a la oposici&oacute;n y particularmente con los legisladores que aprobaron la ley de reforma jubilatoria. En declaraciones radiales, el presidente los tild&oacute; como &laquo;una [&hellip;]<\/p>\n","protected":false},"author":2,"featured_media":6467,"comment_status":"open","ping_status":"open","sticky":false,"template":"","format":"standard","meta":{"footnotes":""},"categories":[5,176],"tags":[229,232,2793,1101,2062],"class_list":["post-6465","post","type-post","status-publish","format-standard","has-post-thumbnail","hentry","category-nacionales","category-politica","tag-congreso","tag-javier-milei","tag-luis-juez","tag-mauricio-macri","tag-pro"],"_links":{"self":[{"href":"https:\/\/partediario.com.ar\/index.php?rest_route=\/wp\/v2\/posts\/6465","targetHints":{"allow":["GET"]}}],"collection":[{"href":"https:\/\/partediario.com.ar\/index.php?rest_route=\/wp\/v2\/posts"}],"about":[{"href":"https:\/\/partediario.com.ar\/index.php?rest_route=\/wp\/v2\/types\/post"}],"author":[{"embeddable":true,"href":"https:\/\/partediario.com.ar\/index.php?rest_route=\/wp\/v2\/users\/2"}],"replies":[{"embeddable":true,"href":"https:\/\/partediario.com.ar\/index.php?rest_route=%2Fwp%2Fv2%2Fcomments&post=6465"}],"version-history":[{"count":1,"href":"https:\/\/partediario.com.ar\/index.php?rest_route=\/wp\/v2\/posts\/6465\/revisions"}],"predecessor-version":[{"id":6466,"href":"https:\/\/partediario.com.ar\/index.php?rest_route=\/wp\/v2\/posts\/6465\/revisions\/6466"}],"wp:featuredmedia":[{"embeddable":true,"href":"https:\/\/partediario.com.ar\/index.php?rest_route=\/wp\/v2\/media\/6467"}],"wp:attachment":[{"href":"https:\/\/partediario.com.ar\/index.php?rest_route=%2Fwp%2Fv2%2Fmedia&parent=6465"}],"wp:term":[{"taxonomy":"category","embeddable":true,"href":"https:\/\/partediario.com.ar\/index.php?rest_route=%2Fwp%2Fv2%2Fcategories&post=6465"},{"taxonomy":"post_tag","embeddable":true,"href":"https:\/\/partediario.com.ar\/index.php?rest_route=%2Fwp%2Fv2%2Ftags&post=6465"}],"curies":[{"name":"wp","href":"https:\/\/api.w.org\/{rel}","templated":true}]}}