{"id":6495,"date":"2024-08-25T11:27:46","date_gmt":"2024-08-25T14:27:46","guid":{"rendered":"https:\/\/partediario.com.ar\/?p=6495"},"modified":"2024-08-25T11:27:47","modified_gmt":"2024-08-25T14:27:47","slug":"sadir-y-villarruel-recorrieron-la-nueva-matriz-economica-de-jujuy","status":"publish","type":"post","link":"https:\/\/partediario.com.ar\/?p=6495","title":{"rendered":"Sadir y Villarruel recorrieron la nueva matriz econ\u00f3mica de Jujuy"},"content":{"rendered":"\n<h3 class=\"wp-block-heading\">El gobernador de la Provincia, Carlos Sadir, acompa\u00f1\u00f3 a la vicepresidente de la Naci\u00f3n, Victoria Villarruel, en su recorrido por el trazado del Tren Solar de la Quebrada.<\/h3>\n\n\n\n<p>Las autoridades se reunieron en la Estaci\u00f3n Volc\u00e1n y compartieron el viaje hasta Purmamarca, en lo que fue el primer contacto que tuvo Villarruel con la nueva atracci\u00f3n de Jujuy, la cual conjuga energ\u00eda renovable, litio y turismo, pilares de la nueva matriz econ\u00f3mica de la provincia.<\/p>\n\n\n\n<p>Desde Purmamarca, la comitiva de autoridades y funcionarios, a la que se sum\u00f3 el ministro de Desarrollo Econ\u00f3mico y Producci\u00f3n, Juan Carlos Abud Robles, parti\u00f3 con destino a los yacimientos de litio emplazados en el coraz\u00f3n de la Puna juje\u00f1a.<\/p>\n\n\n\n<p><\/p>\n\n\n\n<figure class=\"wp-block-image size-full\"><img loading=\"lazy\" decoding=\"async\" width=\"900\" height=\"600\" src=\"https:\/\/partediario.com.ar\/wp-content\/uploads\/whatsapp-image-2024-08-24-at-125115-pmjpeg.jpg\" alt=\"\" class=\"wp-image-6496\" srcset=\"https:\/\/partediario.com.ar\/wp-content\/uploads\/whatsapp-image-2024-08-24-at-125115-pmjpeg.jpg 900w, https:\/\/partediario.com.ar\/wp-content\/uploads\/whatsapp-image-2024-08-24-at-125115-pmjpeg-300x200.jpg 300w, https:\/\/partediario.com.ar\/wp-content\/uploads\/whatsapp-image-2024-08-24-at-125115-pmjpeg-768x512.jpg 768w\" sizes=\"auto, (max-width: 900px) 100vw, 900px\" \/><\/figure>\n\n\n\n<p><\/p>\n\n\n\n<p>\u201cEstoy muy contenta de estar en Jujuy y de venir al Tren Solar para recorrer de Volc\u00e1n a Purmamarca\u201d, manifest\u00f3 la titular del Senado sobre la experiencia.<\/p>\n\n\n\n<p>En cuanto a las caracter\u00edsticas del servicio, consider\u00f3: \u201ces algo que est\u00e1 al mismo nivel de otros trenes del mundo que son tur\u00edsticos y muestran las bellezas que circundan\u201d.<\/p>\n\n\n\n<p>\u201cQuiero invitar a todos los argentinos para que vengan a conocer el tren y que conozcan el Norte argentino que tiene tanta belleza y es parte de nuestra identidad y de nuestro ADN\u201d, destac\u00f3 la vicepresidenta.<\/p>\n","protected":false},"excerpt":{"rendered":"<p>El gobernador de la Provincia, Carlos Sadir, acompa&ntilde;&oacute; a la vicepresidente de la Naci&oacute;n, Victoria Villarruel, en su recorrido por el trazado del Tren Solar de la Quebrada. Las autoridades se reunieron en la Estaci&oacute;n Volc&aacute;n y compartieron el viaje hasta Purmamarca, en lo que fue el primer contacto que tuvo Villarruel con la nueva [&hellip;]<\/p>\n","protected":false},"author":2,"featured_media":6497,"comment_status":"open","ping_status":"open","sticky":false,"template":"","format":"standard","meta":{"footnotes":""},"categories":[5,176],"tags":[2530,753,2810,2809,233],"class_list":["post-6495","post","type-post","status-publish","format-standard","has-post-thumbnail","hentry","category-nacionales","category-politica","tag-carlos-sadir","tag-jujuy","tag-quebrada","tag-tren","tag-victoria-villarruel"],"_links":{"self":[{"href":"https:\/\/partediario.com.ar\/index.php?rest_route=\/wp\/v2\/posts\/6495","targetHints":{"allow":["GET"]}}],"collection":[{"href":"https:\/\/partediario.com.ar\/index.php?rest_route=\/wp\/v2\/posts"}],"about":[{"href":"https:\/\/partediario.com.ar\/index.php?rest_route=\/wp\/v2\/types\/post"}],"author":[{"embeddable":true,"href":"https:\/\/partediario.com.ar\/index.php?rest_route=\/wp\/v2\/users\/2"}],"replies":[{"embeddable":true,"href":"https:\/\/partediario.com.ar\/index.php?rest_route=%2Fwp%2Fv2%2Fcomments&post=6495"}],"version-history":[{"count":1,"href":"https:\/\/partediario.com.ar\/index.php?rest_route=\/wp\/v2\/posts\/6495\/revisions"}],"predecessor-version":[{"id":6498,"href":"https:\/\/partediario.com.ar\/index.php?rest_route=\/wp\/v2\/posts\/6495\/revisions\/6498"}],"wp:featuredmedia":[{"embeddable":true,"href":"https:\/\/partediario.com.ar\/index.php?rest_route=\/wp\/v2\/media\/6497"}],"wp:attachment":[{"href":"https:\/\/partediario.com.ar\/index.php?rest_route=%2Fwp%2Fv2%2Fmedia&parent=6495"}],"wp:term":[{"taxonomy":"category","embeddable":true,"href":"https:\/\/partediario.com.ar\/index.php?rest_route=%2Fwp%2Fv2%2Fcategories&post=6495"},{"taxonomy":"post_tag","embeddable":true,"href":"https:\/\/partediario.com.ar\/index.php?rest_route=%2Fwp%2Fv2%2Ftags&post=6495"}],"curies":[{"name":"wp","href":"https:\/\/api.w.org\/{rel}","templated":true}]}}