{"id":6511,"date":"2024-08-25T20:42:45","date_gmt":"2024-08-25T23:42:45","guid":{"rendered":"https:\/\/partediario.com.ar\/?p=6511"},"modified":"2024-08-25T20:42:45","modified_gmt":"2024-08-25T23:42:45","slug":"posible-sobreseimiento-de-los-rugbiers-franceses","status":"publish","type":"post","link":"https:\/\/partediario.com.ar\/?p=6511","title":{"rendered":"Posible sobreseimiento de los rugbiers franceses"},"content":{"rendered":"\n<h3 class=\"wp-block-heading\">Tras la ausencia de la presunta v\u00edctima, quien no se present\u00f3 a una pericia la semana pasada, todo se\u00f1alar\u00eda que los acusados podr\u00edan volver a su pa\u00eds antes de que finalice el mes de agosto.<\/h3>\n\n\n\n<p>Este lunes se inicia una semana crucial en el caso que involucra a los dos rugbiers franceses acusados por abuso sexual en Mendoza y desde la Justicia local no desestiman que la causa pueda desembocar en el sobreseimiento de ambos, situaci\u00f3n que no se produjo la semana pasada por un manotazo de ahogado de la querella.<\/p>\n\n\n\n<p>La ausencia de la denunciante para declarar en una importante audiencia judicial pudo haber sido decisiva, ya que la denunciante de 39 a\u00f1os deb\u00eda presentarse en la Unidad Fiscal de Delitos Sexuales a la \u00faltima sesi\u00f3n de la pericia psiqui\u00e1trica y psicol\u00f3gica. Desde la Fiscal\u00eda analizaron esta decisi\u00f3n como una forma de retrasar la estrategia de los deportistas para archivar la causa y poder volver a su pa\u00eds.<\/p>\n\n\n\n<p>Hasta el momento, el fiscal que lleva la causa, Dar\u00edo Nora, indica que no hay pruebas suficientes para requerir la prisi\u00f3n preventiva de los imputados, lo que provoc\u00f3 que los mismos quedar\u00e1n libres semanas atr\u00e1s. Adem\u00e1s argumenta que la supuesta v\u00edctima tuvo contradicciones a la hora de declarar y en el examen forense presentado no encontraron lesiones en sus partes \u00edntimas, mientras que a\u00fan se esperan los resultados de las pericias psicol\u00f3gicas.<\/p>\n\n\n\n<p>A esto se le suma el informe completo de la pericia psicol\u00f3gica a los j\u00f3venes, el cual precis\u00f3 que tanto Hugo Auradou como Oscar J\u00e9gou, ambos de 21 a\u00f1os, no presentaron patolog\u00edas de \u00edndoles sexuales.<\/p>\n\n\n\n<p>Adem\u00e1s el abogado de los jugadores franceses, Rafael C\u00faneo Libarona, ratific\u00f3 su posici\u00f3n de agilizar el sobreseimiento de sus defendidos. Incluso, no se descarta que los rugbiers podr\u00eda regresar a su pa\u00eds esta misma semana, es decir antes de que comience el mes de septiembre.<\/p>\n\n\n\n<p>Desde la Justicia mendocina precisaron que todo se encamina al sobreseimiento, aunque no est\u00e1 determinada a\u00fan la fecha en la que se fijar\u00e1 la audiencia definitoria, ya que la defensa debe hacer la solicitud formal, la cual se dar\u00eda el martes tras la cita con la denunciante.<\/p>\n","protected":false},"excerpt":{"rendered":"<p>Tras la ausencia de la presunta v&iacute;ctima, quien no se present&oacute; a una pericia la semana pasada, todo se&ntilde;alar&iacute;a que los acusados podr&iacute;an volver a su pa&iacute;s antes de que finalice el mes de agosto. Este lunes se inicia una semana crucial en el caso que involucra a los dos rugbiers franceses acusados por abuso [&hellip;]<\/p>\n","protected":false},"author":2,"featured_media":6512,"comment_status":"open","ping_status":"open","sticky":false,"template":"","format":"standard","meta":{"footnotes":""},"categories":[4,979,5],"tags":[347,2814,2815],"class_list":["post-6511","post","type-post","status-publish","format-standard","has-post-thumbnail","hentry","category-deportes","category-judiciales","category-nacionales","tag-mendoza","tag-rugbiers-franceses","tag-sobreseimiento"],"_links":{"self":[{"href":"https:\/\/partediario.com.ar\/index.php?rest_route=\/wp\/v2\/posts\/6511","targetHints":{"allow":["GET"]}}],"collection":[{"href":"https:\/\/partediario.com.ar\/index.php?rest_route=\/wp\/v2\/posts"}],"about":[{"href":"https:\/\/partediario.com.ar\/index.php?rest_route=\/wp\/v2\/types\/post"}],"author":[{"embeddable":true,"href":"https:\/\/partediario.com.ar\/index.php?rest_route=\/wp\/v2\/users\/2"}],"replies":[{"embeddable":true,"href":"https:\/\/partediario.com.ar\/index.php?rest_route=%2Fwp%2Fv2%2Fcomments&post=6511"}],"version-history":[{"count":1,"href":"https:\/\/partediario.com.ar\/index.php?rest_route=\/wp\/v2\/posts\/6511\/revisions"}],"predecessor-version":[{"id":6513,"href":"https:\/\/partediario.com.ar\/index.php?rest_route=\/wp\/v2\/posts\/6511\/revisions\/6513"}],"wp:featuredmedia":[{"embeddable":true,"href":"https:\/\/partediario.com.ar\/index.php?rest_route=\/wp\/v2\/media\/6512"}],"wp:attachment":[{"href":"https:\/\/partediario.com.ar\/index.php?rest_route=%2Fwp%2Fv2%2Fmedia&parent=6511"}],"wp:term":[{"taxonomy":"category","embeddable":true,"href":"https:\/\/partediario.com.ar\/index.php?rest_route=%2Fwp%2Fv2%2Fcategories&post=6511"},{"taxonomy":"post_tag","embeddable":true,"href":"https:\/\/partediario.com.ar\/index.php?rest_route=%2Fwp%2Fv2%2Ftags&post=6511"}],"curies":[{"name":"wp","href":"https:\/\/api.w.org\/{rel}","templated":true}]}}