{"id":6514,"date":"2024-08-25T20:48:24","date_gmt":"2024-08-25T23:48:24","guid":{"rendered":"https:\/\/partediario.com.ar\/?p=6514"},"modified":"2024-08-25T20:48:25","modified_gmt":"2024-08-25T23:48:25","slug":"ricardo-quintela-advirtio-por-la-vida-de-lourdes-arrieta","status":"publish","type":"post","link":"https:\/\/partediario.com.ar\/?p=6514","title":{"rendered":"Ricardo Quintela advirti\u00f3 por la vida de Lourdes Arrieta"},"content":{"rendered":"\n<h3 class=\"wp-block-heading\">El gobernador de La Rioja se\u00f1al\u00f3 que Mart\u00edn Menem y Patricia Bullrich deben hacerse responsables de la \u00abseguridad f\u00edsica e intelectual\u00bb de la diputada mendocina, expulsada del espacio libertario.<\/h3>\n\n\n\n<p>La pol\u00e9mica que protagoniz\u00f3 el bloque de Diputados de La Libertad Avanza suma nuevos cap\u00edtulos. Despu\u00e9s de la publicaci\u00f3n en las redes sociales de Lourdes Arrieta de los chats que explicaba como se arm\u00f3 la visita de los diputados de la LLA a los represores presos, el gobernador de La Rioja, Ricardo Quintela, lanz\u00f3 una fuerte advertencia que involucra a la legisladora mendocina, quien dejar\u00e1 de ser parte del bloque oficialista.<\/p>\n\n\n\n<p>\u00abCorre serio riesgo\u00bb, destac\u00f3 el mandatario riojano sobre la situaci\u00f3n de Arrieta. Y no dud\u00f3 en se\u00f1alar que tanto el presidente de la C\u00e1mara, Mart\u00edn Menem, como la ministra de Seguridad, Patricia Bullrich, deben hacerse responsables de la seguridad f\u00edsica e intelectual de la legisladora.<\/p>\n\n\n\n<p>\u00abEstamos muy preocupados y conversando con algunos compa\u00f1eros sobre la situaci\u00f3n que est\u00e1 ocurriendo en la C\u00e1mara de Diputados, m\u00e1s precisamente en el bloque de La Libertad Avanza\u00bb, sybray\u00f3 Quintela.<\/p>\n\n\n\n<p>En declaraciones radiales, el mandatario provincial hizo referencia a las acusaciones que hizo Arrieta a sus compa\u00f1eros de espacio y dijo que son de \u00abuna gravedad inusitada que nunca se vio\u00bb.<\/p>\n\n\n\n<p>\u00abPor supuesto, la van a relativizar\u00bb, afirm\u00f3 sin dejar de subrayar que los dichos de la exintegrante de la bancada oficialista \u00abes grav\u00edsimo\u00bb. Y propuso \u00abuna Comisi\u00f3n Investigadora\u00bb en Diputados para analizar el asunto.<\/p>\n\n\n\n<p>\u00abHumanamente corresponde que protejamos a esta chica que tuvo la valent\u00eda de visibilizar esta situaci\u00f3n, esta organizaci\u00f3n cuasi clandestina\u00bb, destac\u00f3. \u00abEspero que pueda ser tomada y tenida en cuenta por los responsables de la C\u00e1mara de Diputados, especialmente del Presidente junto con la ministra de Seguridad\u201d, concluy\u00f3.<\/p>\n","protected":false},"excerpt":{"rendered":"<p>El gobernador de La Rioja se&ntilde;al&oacute; que Mart&iacute;n Menem y Patricia Bullrich deben hacerse responsables de la &laquo;seguridad f&iacute;sica e intelectual&raquo; de la diputada mendocina, expulsada del espacio libertario. La pol&eacute;mica que protagoniz&oacute; el bloque de Diputados de La Libertad Avanza suma nuevos cap&iacute;tulos. Despu&eacute;s de la publicaci&oacute;n en las redes sociales de Lourdes Arrieta [&hellip;]<\/p>\n","protected":false},"author":2,"featured_media":6515,"comment_status":"open","ping_status":"open","sticky":false,"template":"","format":"standard","meta":{"footnotes":""},"categories":[5,176],"tags":[2805,262,510,2816],"class_list":["post-6514","post","type-post","status-publish","format-standard","has-post-thumbnail","hentry","category-nacionales","category-politica","tag-lourdes-arrieta","tag-martin-menem","tag-patricia-bullrich","tag-ricardo-quintela"],"_links":{"self":[{"href":"https:\/\/partediario.com.ar\/index.php?rest_route=\/wp\/v2\/posts\/6514","targetHints":{"allow":["GET"]}}],"collection":[{"href":"https:\/\/partediario.com.ar\/index.php?rest_route=\/wp\/v2\/posts"}],"about":[{"href":"https:\/\/partediario.com.ar\/index.php?rest_route=\/wp\/v2\/types\/post"}],"author":[{"embeddable":true,"href":"https:\/\/partediario.com.ar\/index.php?rest_route=\/wp\/v2\/users\/2"}],"replies":[{"embeddable":true,"href":"https:\/\/partediario.com.ar\/index.php?rest_route=%2Fwp%2Fv2%2Fcomments&post=6514"}],"version-history":[{"count":1,"href":"https:\/\/partediario.com.ar\/index.php?rest_route=\/wp\/v2\/posts\/6514\/revisions"}],"predecessor-version":[{"id":6516,"href":"https:\/\/partediario.com.ar\/index.php?rest_route=\/wp\/v2\/posts\/6514\/revisions\/6516"}],"wp:featuredmedia":[{"embeddable":true,"href":"https:\/\/partediario.com.ar\/index.php?rest_route=\/wp\/v2\/media\/6515"}],"wp:attachment":[{"href":"https:\/\/partediario.com.ar\/index.php?rest_route=%2Fwp%2Fv2%2Fmedia&parent=6514"}],"wp:term":[{"taxonomy":"category","embeddable":true,"href":"https:\/\/partediario.com.ar\/index.php?rest_route=%2Fwp%2Fv2%2Fcategories&post=6514"},{"taxonomy":"post_tag","embeddable":true,"href":"https:\/\/partediario.com.ar\/index.php?rest_route=%2Fwp%2Fv2%2Ftags&post=6514"}],"curies":[{"name":"wp","href":"https:\/\/api.w.org\/{rel}","templated":true}]}}