{"id":6533,"date":"2024-08-26T10:35:34","date_gmt":"2024-08-26T13:35:34","guid":{"rendered":"https:\/\/partediario.com.ar\/?p=6533"},"modified":"2024-08-26T10:35:35","modified_gmt":"2024-08-26T13:35:35","slug":"tras-la-viralizacion-de-nuevos-y-reveladores-chats-piden-que-patricia-bullrich-de-explicaciones-sobre-la-visita-a-genocidas","status":"publish","type":"post","link":"https:\/\/partediario.com.ar\/?p=6533","title":{"rendered":"Tras la viralizaci\u00f3n de nuevos y reveladores chats, piden que Patricia Bullrich d\u00e9 explicaciones sobre la visita a genocidas"},"content":{"rendered":"\n<h3 class=\"wp-block-heading\">La diputada nacional libertaria Lourdes Arrieta revel\u00f3 este domingo nuevos detalles de la organizaci\u00f3n del grupo que visit\u00f3 en Ezeiza a militares condenados por delitos de lesa humanidad.<\/h3>\n\n\n\n<p>Lo hizo a trav\u00e9s de su cuenta en la red social X, donde entre otras cosas cuenta que la ministra de Seguridad de la Naci\u00f3n, Patricia Bullrich, se encontraba al tanto de la visita al penal de Ezeiza, organizada por el diputado nacional entrerriano, Beltr\u00e1n Benedit.<\/p>\n\n\n\n<p>En uno de los chats publicados por la legisladora, a la que esta semana buscar\u00edan expulsar del bloque oficialista se destaca un mensaje del padre Javier Olivera Ravasi, organizador de la movida, donde expresa que el diputado Beltr\u00e1n Benedit \u201chabl\u00f3 con Patricia Bullrich para que quienes deseen sumarse, al d\u00eda siguiente de nuestra reuni\u00f3n a visitar presos pol\u00edticos que est\u00e1n detenidos en Campo de Mayo\/Ezeiza\/Marcos Paz se les facilite el ingreso sin inconvenientes. Ya est\u00e1 hablado\u201d.<\/p>\n\n\n\n<p>Ante ello, el diputado de UP Eduardo Toniolli adelant\u00f3 que este lunes \u201cvamos a exigir formalmente la presencia de la ministra Bullrich en la C\u00e1mara de Diputados, para que explique qu\u00e9 significa \u2018facilitar el ingreso sin inconvenientes\u2019 al penal de Ezeiza. Y vamos a solicitarle al Servicio Penitenciario Federal las grabaciones de las c\u00e1maras de ingreso\u201d.<\/p>\n\n\n\n<p>Adem\u00e1s piden citar a Bullrich los diputados socialistas, que presentaron un proyecto de resoluci\u00f3n para que la funcionaria brinde explicaciones detalladas en relaci\u00f3n a la visita de un grupo de diputadas y diputados del partido La Libertad Avanza a condenados por delitos de lesa humanidad en el penal de Ezeiza.<\/p>\n\n\n\n<p>Espec\u00edficamente quieren saber \u201csi estaba al tanto de la comunicaci\u00f3n del diputado Benedit Beltr\u00e1n con el funcionario dependiente de la se\u00f1ora ministra y que se desempe\u00f1a como director del Servicio Penitenciario Federal Fernando Mart\u00ednez, en relaci\u00f3n a \u2018facilitar el ingreso a los penales\u2019\u201d al grupo de diputados de LLA; si esta modalidad de \u201cfacilitaci\u00f3n\u201d es habitual y en el marco de qu\u00e9 norma o protocolo se autoriza; y por \u00faltimo si la ministra estaba al tanto de las gestiones para la elaboraci\u00f3n de un anteproyecto de ley que busca regular el plazo razonable de las prisiones preventivas y la modificaci\u00f3n de la Ley de Ejecuci\u00f3n Penal, el C\u00f3digo Penal y Procesal Penal, y una propuesta de anteproyecto de decreto reglamentario para incluir causas de lesa humanidad en dicha norma.<\/p>\n","protected":false},"excerpt":{"rendered":"<p>La diputada nacional libertaria Lourdes Arrieta revel&oacute; este domingo nuevos detalles de la organizaci&oacute;n del grupo que visit&oacute; en Ezeiza a militares condenados por delitos de lesa humanidad. Lo hizo a trav&eacute;s de su cuenta en la red social X, donde entre otras cosas cuenta que la ministra de Seguridad de la Naci&oacute;n, Patricia Bullrich, [&hellip;]<\/p>\n","protected":false},"author":2,"featured_media":6534,"comment_status":"open","ping_status":"open","sticky":false,"template":"","format":"standard","meta":{"footnotes":""},"categories":[5,176],"tags":[1915,1918,2824,510],"class_list":["post-6533","post","type-post","status-publish","format-standard","has-post-thumbnail","hentry","category-nacionales","category-politica","tag-beltran-benedit","tag-genocidas","tag-javier-olivera-ravasi","tag-patricia-bullrich"],"_links":{"self":[{"href":"https:\/\/partediario.com.ar\/index.php?rest_route=\/wp\/v2\/posts\/6533","targetHints":{"allow":["GET"]}}],"collection":[{"href":"https:\/\/partediario.com.ar\/index.php?rest_route=\/wp\/v2\/posts"}],"about":[{"href":"https:\/\/partediario.com.ar\/index.php?rest_route=\/wp\/v2\/types\/post"}],"author":[{"embeddable":true,"href":"https:\/\/partediario.com.ar\/index.php?rest_route=\/wp\/v2\/users\/2"}],"replies":[{"embeddable":true,"href":"https:\/\/partediario.com.ar\/index.php?rest_route=%2Fwp%2Fv2%2Fcomments&post=6533"}],"version-history":[{"count":1,"href":"https:\/\/partediario.com.ar\/index.php?rest_route=\/wp\/v2\/posts\/6533\/revisions"}],"predecessor-version":[{"id":6535,"href":"https:\/\/partediario.com.ar\/index.php?rest_route=\/wp\/v2\/posts\/6533\/revisions\/6535"}],"wp:featuredmedia":[{"embeddable":true,"href":"https:\/\/partediario.com.ar\/index.php?rest_route=\/wp\/v2\/media\/6534"}],"wp:attachment":[{"href":"https:\/\/partediario.com.ar\/index.php?rest_route=%2Fwp%2Fv2%2Fmedia&parent=6533"}],"wp:term":[{"taxonomy":"category","embeddable":true,"href":"https:\/\/partediario.com.ar\/index.php?rest_route=%2Fwp%2Fv2%2Fcategories&post=6533"},{"taxonomy":"post_tag","embeddable":true,"href":"https:\/\/partediario.com.ar\/index.php?rest_route=%2Fwp%2Fv2%2Ftags&post=6533"}],"curies":[{"name":"wp","href":"https:\/\/api.w.org\/{rel}","templated":true}]}}