{"id":6536,"date":"2024-08-26T11:40:52","date_gmt":"2024-08-26T14:40:52","guid":{"rendered":"https:\/\/partediario.com.ar\/?p=6536"},"modified":"2024-08-26T11:40:52","modified_gmt":"2024-08-26T14:40:52","slug":"jujuy-el-gobernador-sadir-y-la-vicepresidente-villarruel-dieron-apertura-al-cabildo-historico","status":"publish","type":"post","link":"https:\/\/partediario.com.ar\/?p=6536","title":{"rendered":"Jujuy: el gobernador Sadir y la vicepresidente Villarruel dieron apertura al Cabildo Hist\u00f3rico"},"content":{"rendered":"\n<h3 class=\"wp-block-heading\">El gobernador de la Provincia, Carlos Sadir, en compa\u00f1\u00eda de la vicepresidente de la Naci\u00f3n, Victoria Villarruel, dieron apertura a la obra del Cabildo Hist\u00f3rico, que incluy\u00f3 la revalorizaci\u00f3n del patrimonio arquitect\u00f3nico y la creaci\u00f3n de nuevos espacios para los juje\u00f1os, y los visitantes del pa\u00eds y el mundo.<\/h3>\n\n\n\n<p>\u201cEs un d\u00eda muy es especial para juje\u00f1os y juje\u00f1as y para nuestro pa\u00eds, porque vivimos dos hechos importantes para nuestra identidad como argentinos, el d\u00eda del \u00c9xodo Juje\u00f1o y la apertura de nuestro cabildo declarado Monumento Hist\u00f3rico Nacional en el a\u00f1o 1941\u201d, expres\u00f3 Carlos Sadir durante el acto protocolar con el que se dio apertura oficial a la flamante obra del Cabildo Hist\u00f3rico y que tuvo como invitada especial a la vicepresidente Victoria Villarruel.<\/p>\n\n\n\n<p>En su discurso, el mandatario provincial puso de relieve la trascendencia de la gesta de 1812, comandada por Manuel Belgrano, y en la que el pueblo juje\u00f1o demostr\u00f3 \u201cvalent\u00eda y determinaci\u00f3n emprendiendo un viaje en busca de libertad y justicia\u201d. \u201cEse esp\u00edritu de lucha y resistencia es el que nos inspira a seguir construyendo un futuro mejor para nosotros y las generaciones que vienen\u201d, enfatiz\u00f3.<\/p>\n\n\n\n<p><\/p>\n\n\n\n<figure class=\"wp-block-image size-large\"><img loading=\"lazy\" decoding=\"async\" width=\"1024\" height=\"683\" src=\"https:\/\/partediario.com.ar\/wp-content\/uploads\/whatsapp-image-2024-08-23-at-215222jpeg-1024x683.webp\" alt=\"\" class=\"wp-image-6537\" srcset=\"https:\/\/partediario.com.ar\/wp-content\/uploads\/whatsapp-image-2024-08-23-at-215222jpeg-1024x683.webp 1024w, https:\/\/partediario.com.ar\/wp-content\/uploads\/whatsapp-image-2024-08-23-at-215222jpeg-300x200.webp 300w, https:\/\/partediario.com.ar\/wp-content\/uploads\/whatsapp-image-2024-08-23-at-215222jpeg-768x512.webp 768w, https:\/\/partediario.com.ar\/wp-content\/uploads\/whatsapp-image-2024-08-23-at-215222jpeg.webp 1200w\" sizes=\"auto, (max-width: 1024px) 100vw, 1024px\" \/><\/figure>\n\n\n\n<p><\/p>\n\n\n\n<p>\u201cEs un placer de dar apertura a un complejo de contenidos hist\u00f3ricos y culturales destinado a los juje\u00f1os y visitantes que lleguen del pa\u00eds y de todo el mundo\u201d, remarc\u00f3 Sadir, destacando la gran envergadura del proyecto que \u201cinici\u00f3 durante la gesti\u00f3n de Gerardo Morales\u201d, y que cont\u00f3 con el compromiso de \u201cun gran equipo t\u00e9cnico\u201d que llev\u00f3 adelante la ejecuci\u00f3n del proyecto.<\/p>\n\n\n\n<p>En lo que respecta a la obra, ponder\u00f3 la \u201cpuesta en valor y refuncionalizaci\u00f3n\u201d del edificio hist\u00f3rico, \u201cla preservaci\u00f3n de los sitios de memoria\u201d, como tambi\u00e9n la creaci\u00f3n de un edificio para el Archivo Hist\u00f3rico de la Provincial, \u201cque viene a responder con una deuda edilicia\u201d. Sadir sostuvo que \u201cel pasado estar\u00e1 siempre presente en el futuro a trav\u00e9s de este lugar\u201d, recalcando que ser\u00e1 un sitio para \u201cinspirarse\u201d y para \u201csentirnos orgullosos de nuestra historia y nuestro patrimonio\u201d. \u201cLa Plaza del \u00c9xodo, los sitios de memoria, el archivo hist\u00f3rico, la biblioteca, los salones para reuniones, la chicher\u00eda de almac\u00e9n abierto y el cabildo con resto bar, son espacios que nos invitan a explorar, aprender y disfrutar de nuestra riqueza cultural\u201d, subray\u00f3 el gobernador y resalt\u00f3 las virtudes del \u201cpueblo juje\u00f1o\u201d que \u201cresiste, lucha y se proyecta hacia el futuro\u201d.<\/p>\n\n\n\n<p>Por \u00faltimo, agradeci\u00f3 a la vicepresidente Villarruel por \u201cel esfuerzo realizado para estar presente en un momento muy importante para los juje\u00f1os\u201d. La ceremonia cont\u00f3 con la presencia del vicegobernador de la Provincia, Alberto Bernis; el jefe de Gabinete del Ejecutivo Provincial, Freddy Morales; el ministro de Cultura y Turismo, Federico Posadas; el presidente de la Corte Suprema de Justicia, Ekel Meyer; el intendente de la capital, Ra\u00fal Jorge; autoridades de las carteras provinciales; legisladores nacionales, provinciales y municipales, autoridades de las fuerzas armadas y fuerzas de seguridad federales, miembros de entes y organismos nacionales y provinciales, y representantes de empresas constructoras. El evento cont\u00f3 con la participaci\u00f3n del ex gobernador Gerardo Morales.<\/p>\n\n\n\n<p><strong>\u201cEl \u00c9xodo Juje\u00f1o demuestra lo que son capaces aquellos que tienen amor a su tierra\u201d<\/strong><\/p>\n\n\n\n<p>A su turno, Villarruel expres\u00f3 que \u201ces un honor acompa\u00f1arlos\u201d en la conmemoraci\u00f3n del \u00c9xodo Juje\u00f1o, destacando que la gesta \u201cdemuestra lo que son capaces aquellos que tienen amor a su tierra, que siguen a un l\u00edder y son capaces de todo por conseguir la libertad\u201d. \u201cPara aquellos que tienen que tomar decisiones dif\u00edciles, el \u00c9xodo Juje\u00f1o es tambi\u00e9n un ejemplo de los retos que acompa\u00f1an al liderazgo\u201d, remarc\u00f3 e hizo referencia a la dif\u00edcil tarea que tuvo Belgrano de comunicar a la gente de deb\u00eda dejar sus hogares y prender fuego a sus campos.<\/p>\n\n\n\n<p>Asimismo, puso de relieve \u201cel sentido de sacrificio\u201d y el \u201cvaliente acatamiento de la poblaci\u00f3n\u201d que \u201cnos habla de lo que somos capaces de hacer los argentinos cuando estamos unidos\u201d. \u201cHoy no existe un ej\u00e9rcito realista que pone en riesgo nuestros hogares, pero s\u00ed hay otros desaf\u00edos igual de importantes, terminar con la pobreza, reactivar la econom\u00eda, proteger a los argentinos de bien y sobre todo cohesionarnos como sociedad\u201d, sostuvo Villarruel. Previo al acto de inauguraci\u00f3n, la vicepresidente recibi\u00f3 de manos del gobernador Sadir el decreto por el que se la declara Hu\u00e9sped de Honor mientras dure su estancia en Jujuy. La ceremonia se desarroll\u00f3 en el Sal\u00f3n de la Bandera de Casa de Gobierno.<\/p>\n","protected":false},"excerpt":{"rendered":"<p>El gobernador de la Provincia, Carlos Sadir, en compa&ntilde;&iacute;a de la vicepresidente de la Naci&oacute;n, Victoria Villarruel, dieron apertura a la obra del Cabildo Hist&oacute;rico, que incluy&oacute; la revalorizaci&oacute;n del patrimonio arquitect&oacute;nico y la creaci&oacute;n de nuevos espacios para los juje&ntilde;os, y los visitantes del pa&iacute;s y el mundo. &ldquo;Es un d&iacute;a muy es especial [&hellip;]<\/p>\n","protected":false},"author":2,"featured_media":6538,"comment_status":"open","ping_status":"open","sticky":false,"template":"","format":"standard","meta":{"footnotes":""},"categories":[5,176],"tags":[2826,2825,753,233],"class_list":["post-6536","post","type-post","status-publish","format-standard","has-post-thumbnail","hentry","category-nacionales","category-politica","tag-cabildo-historico","tag-carlos-sadi","tag-jujuy","tag-victoria-villarruel"],"_links":{"self":[{"href":"https:\/\/partediario.com.ar\/index.php?rest_route=\/wp\/v2\/posts\/6536","targetHints":{"allow":["GET"]}}],"collection":[{"href":"https:\/\/partediario.com.ar\/index.php?rest_route=\/wp\/v2\/posts"}],"about":[{"href":"https:\/\/partediario.com.ar\/index.php?rest_route=\/wp\/v2\/types\/post"}],"author":[{"embeddable":true,"href":"https:\/\/partediario.com.ar\/index.php?rest_route=\/wp\/v2\/users\/2"}],"replies":[{"embeddable":true,"href":"https:\/\/partediario.com.ar\/index.php?rest_route=%2Fwp%2Fv2%2Fcomments&post=6536"}],"version-history":[{"count":1,"href":"https:\/\/partediario.com.ar\/index.php?rest_route=\/wp\/v2\/posts\/6536\/revisions"}],"predecessor-version":[{"id":6539,"href":"https:\/\/partediario.com.ar\/index.php?rest_route=\/wp\/v2\/posts\/6536\/revisions\/6539"}],"wp:featuredmedia":[{"embeddable":true,"href":"https:\/\/partediario.com.ar\/index.php?rest_route=\/wp\/v2\/media\/6538"}],"wp:attachment":[{"href":"https:\/\/partediario.com.ar\/index.php?rest_route=%2Fwp%2Fv2%2Fmedia&parent=6536"}],"wp:term":[{"taxonomy":"category","embeddable":true,"href":"https:\/\/partediario.com.ar\/index.php?rest_route=%2Fwp%2Fv2%2Fcategories&post=6536"},{"taxonomy":"post_tag","embeddable":true,"href":"https:\/\/partediario.com.ar\/index.php?rest_route=%2Fwp%2Fv2%2Ftags&post=6536"}],"curies":[{"name":"wp","href":"https:\/\/api.w.org\/{rel}","templated":true}]}}