{"id":6540,"date":"2024-08-26T12:14:14","date_gmt":"2024-08-26T15:14:14","guid":{"rendered":"https:\/\/partediario.com.ar\/?p=6540"},"modified":"2024-08-26T12:14:14","modified_gmt":"2024-08-26T15:14:14","slug":"santa-elena-se-realizo-el-costera-trail-edicion-2024-y-el-intendente-daniel-rossi-acompano-su-desarrollo","status":"publish","type":"post","link":"https:\/\/partediario.com.ar\/?p=6540","title":{"rendered":"Santa Elena: se realiz\u00f3 el Costera Trail edici\u00f3n 2024 y el Intendente Daniel Rossi acompa\u00f1\u00f3 su desarrollo"},"content":{"rendered":"\n<h3 class=\"wp-block-heading\">Se llev\u00f3 a cabo una nueva edici\u00f3n de Costera Trail, que cada a\u00f1o cuenta con el apoyo del Gobierno Municipal de Santa Elena a trav\u00e9s de sus diferentes \u00e1reas.<\/h3>\n\n\n\n<p>La traves\u00eda comprende distintas instancias de participaci\u00f3n, que recorren los principales paisajes naturales y urbanos de Santa Elena.<\/p>\n\n\n\n<p><\/p>\n\n\n\n<figure class=\"wp-block-image size-large\"><img loading=\"lazy\" decoding=\"async\" width=\"1024\" height=\"683\" src=\"https:\/\/partediario.com.ar\/wp-content\/uploads\/457141459_918703240301432_472713302703124559_n-1024x683.jpg\" alt=\"\" class=\"wp-image-6541\" srcset=\"https:\/\/partediario.com.ar\/wp-content\/uploads\/457141459_918703240301432_472713302703124559_n-1024x683.jpg 1024w, https:\/\/partediario.com.ar\/wp-content\/uploads\/457141459_918703240301432_472713302703124559_n-300x200.jpg 300w, https:\/\/partediario.com.ar\/wp-content\/uploads\/457141459_918703240301432_472713302703124559_n-768x512.jpg 768w, https:\/\/partediario.com.ar\/wp-content\/uploads\/457141459_918703240301432_472713302703124559_n-1536x1025.jpg 1536w, https:\/\/partediario.com.ar\/wp-content\/uploads\/457141459_918703240301432_472713302703124559_n.jpg 2048w\" sizes=\"auto, (max-width: 1024px) 100vw, 1024px\" \/><\/figure>\n\n\n\n<p><\/p>\n\n\n\n<p>Excelente organizaci\u00f3n, con la presencia de colaboradores durante toda la competencia, que trabajaron en la hidrataci\u00f3n de los participantes, adem\u00e1s de contar con una muy buena se\u00f1alizaci\u00f3n en todo el circuito, destac\u00f3 un participante, quien adem\u00e1s agreg\u00f3 el valioso aporte de la Prefectura Argentina.<\/p>\n\n\n\n<p><\/p>\n\n\n\n<figure class=\"wp-block-image size-large\"><img loading=\"lazy\" decoding=\"async\" width=\"1024\" height=\"683\" src=\"https:\/\/partediario.com.ar\/wp-content\/uploads\/457019813_918707396967683_1201242001673264859_n-1024x683.jpg\" alt=\"\" class=\"wp-image-6542\" srcset=\"https:\/\/partediario.com.ar\/wp-content\/uploads\/457019813_918707396967683_1201242001673264859_n-1024x683.jpg 1024w, https:\/\/partediario.com.ar\/wp-content\/uploads\/457019813_918707396967683_1201242001673264859_n-300x200.jpg 300w, https:\/\/partediario.com.ar\/wp-content\/uploads\/457019813_918707396967683_1201242001673264859_n-768x512.jpg 768w, https:\/\/partediario.com.ar\/wp-content\/uploads\/457019813_918707396967683_1201242001673264859_n-1536x1025.jpg 1536w, https:\/\/partediario.com.ar\/wp-content\/uploads\/457019813_918707396967683_1201242001673264859_n.jpg 2048w\" sizes=\"auto, (max-width: 1024px) 100vw, 1024px\" \/><\/figure>\n\n\n\n<p><\/p>\n\n\n\n<p>Se trata de un evento deportivo que cont\u00f3 con la presencia de deportistas desarrollando una traves\u00eda que comprende distancias diferenciadas de trekking, participativa y competitivas.<\/p>\n\n\n\n<p><\/p>\n","protected":false},"excerpt":{"rendered":"<p>Se llev&oacute; a cabo una nueva edici&oacute;n de Costera Trail, que cada a&ntilde;o cuenta con el apoyo del Gobierno Municipal de Santa Elena a trav&eacute;s de sus diferentes &aacute;reas. La traves&iacute;a comprende distintas instancias de participaci&oacute;n, que recorren los principales paisajes naturales y urbanos de Santa Elena. Excelente organizaci&oacute;n, con la presencia de colaboradores durante [&hellip;]<\/p>\n","protected":false},"author":2,"featured_media":6543,"comment_status":"open","ping_status":"open","sticky":false,"template":"","format":"standard","meta":{"footnotes":""},"categories":[4,8,726],"tags":[2598,208,207],"class_list":["post-6540","post","type-post","status-publish","format-standard","has-post-thumbnail","hentry","category-deportes","category-provinciales","category-sociedad","tag-costera-trail","tag-daniel-rossi","tag-santa-elena"],"_links":{"self":[{"href":"https:\/\/partediario.com.ar\/index.php?rest_route=\/wp\/v2\/posts\/6540","targetHints":{"allow":["GET"]}}],"collection":[{"href":"https:\/\/partediario.com.ar\/index.php?rest_route=\/wp\/v2\/posts"}],"about":[{"href":"https:\/\/partediario.com.ar\/index.php?rest_route=\/wp\/v2\/types\/post"}],"author":[{"embeddable":true,"href":"https:\/\/partediario.com.ar\/index.php?rest_route=\/wp\/v2\/users\/2"}],"replies":[{"embeddable":true,"href":"https:\/\/partediario.com.ar\/index.php?rest_route=%2Fwp%2Fv2%2Fcomments&post=6540"}],"version-history":[{"count":1,"href":"https:\/\/partediario.com.ar\/index.php?rest_route=\/wp\/v2\/posts\/6540\/revisions"}],"predecessor-version":[{"id":6544,"href":"https:\/\/partediario.com.ar\/index.php?rest_route=\/wp\/v2\/posts\/6540\/revisions\/6544"}],"wp:featuredmedia":[{"embeddable":true,"href":"https:\/\/partediario.com.ar\/index.php?rest_route=\/wp\/v2\/media\/6543"}],"wp:attachment":[{"href":"https:\/\/partediario.com.ar\/index.php?rest_route=%2Fwp%2Fv2%2Fmedia&parent=6540"}],"wp:term":[{"taxonomy":"category","embeddable":true,"href":"https:\/\/partediario.com.ar\/index.php?rest_route=%2Fwp%2Fv2%2Fcategories&post=6540"},{"taxonomy":"post_tag","embeddable":true,"href":"https:\/\/partediario.com.ar\/index.php?rest_route=%2Fwp%2Fv2%2Ftags&post=6540"}],"curies":[{"name":"wp","href":"https:\/\/api.w.org\/{rel}","templated":true}]}}