{"id":6563,"date":"2024-08-27T09:06:46","date_gmt":"2024-08-27T12:06:46","guid":{"rendered":"https:\/\/partediario.com.ar\/?p=6563"},"modified":"2024-08-27T09:06:47","modified_gmt":"2024-08-27T12:06:47","slug":"cumbre-del-pro-en-parana-frigerio-recibira-a-macri-en-plena-interna-partidaria","status":"publish","type":"post","link":"https:\/\/partediario.com.ar\/?p=6563","title":{"rendered":"Cumbre del PRO en Paran\u00e1: Frigerio recibir\u00e1 a Macri en plena interna partidaria"},"content":{"rendered":"\n<h3 class=\"wp-block-heading\">Cumbre del PRO en Paran\u00e1: Frigerio recibir\u00e1 a Macri en plena interna partidaria.<\/h3>\n\n\n\n<p>La actividad se desarrollar\u00e1 en dos jornadas y se espera la presencia del gobernador Rogelio Frigerio para la apertura del encuentro que se llevar\u00e1 a cabo en el hotel Maran Suites &amp; Towers.<\/p>\n\n\n\n<p>Bajo el lema \u201cLa refundaci\u00f3n de Pensar\u201d, el relanzamiento presentar\u00e1 el redise\u00f1o de la Fundaci\u00f3n Pensar luego de la asunci\u00f3n de la diputada Vidal como su presidenta en junio pasado.<\/p>\n\n\n\n<p>La apertura estar\u00e1 a cargo de Susanne K\u00e4ss, representante de la Fundaci\u00f3n Konrad Adenauer en Argentina y Silvia Lospennato vicepresidenta de la Fundaci\u00f3n.<\/p>\n\n\n\n<p>La mesa de los gobernadores ser\u00e1 el jueves por la tarde con la presencia de los principales referentes del Pro y hay expectativa por las declaraciones del titular del Pro Mauricio Macri despu\u00e9s de los cruces que conocieron con el presidente de la Naci\u00f3n, Javier Milei.<\/p>\n\n\n\n<p>La actividad partidaria continuar\u00e1 el viernes con la apertura de Willy Bernaudo, presidente de la Fundaci\u00f3n Pensar Entre R\u00edos y Francisco Quintana, Secretario General de la Fundaci\u00f3n.<\/p>\n\n\n\n<p>Habr\u00e1 una mesa de historiadores con la presencia de Lucas Botta y Luciano Poriviellio y luego se llevar\u00e1 a cabo una panel de Federalismo Fiscal donde participar\u00e1n Luciano Laspina, diputado nacional, Osvaldo Giordano, presidente de la Fundaci\u00f3n Mediterr\u00e1nea y Susanne K\u00e4ss.<\/p>\n","protected":false},"excerpt":{"rendered":"<p>Cumbre del PRO en Paran&aacute;: Frigerio recibir&aacute; a Macri en plena interna partidaria. La actividad se desarrollar&aacute; en dos jornadas y se espera la presencia del gobernador Rogelio Frigerio para la apertura del encuentro que se llevar&aacute; a cabo en el hotel Maran Suites &amp; Towers. Bajo el lema &ldquo;La refundaci&oacute;n de Pensar&rdquo;, el relanzamiento [&hellip;]<\/p>\n","protected":false},"author":2,"featured_media":6564,"comment_status":"open","ping_status":"open","sticky":false,"template":"","format":"standard","meta":{"footnotes":""},"categories":[176,8],"tags":[2835,2601,2602,1101,265,245,2834,2836],"class_list":["post-6563","post","type-post","status-publish","format-standard","has-post-thumbnail","hentry","category-politica","category-provinciales","tag-fundacion-konrad-adenauer","tag-fundacion-pensar","tag-maria-eugenia-vidal-2","tag-mauricio-macri","tag-parana","tag-rogelio-frigerio","tag-susanne-kass","tag-willy-bernaudo"],"_links":{"self":[{"href":"https:\/\/partediario.com.ar\/index.php?rest_route=\/wp\/v2\/posts\/6563","targetHints":{"allow":["GET"]}}],"collection":[{"href":"https:\/\/partediario.com.ar\/index.php?rest_route=\/wp\/v2\/posts"}],"about":[{"href":"https:\/\/partediario.com.ar\/index.php?rest_route=\/wp\/v2\/types\/post"}],"author":[{"embeddable":true,"href":"https:\/\/partediario.com.ar\/index.php?rest_route=\/wp\/v2\/users\/2"}],"replies":[{"embeddable":true,"href":"https:\/\/partediario.com.ar\/index.php?rest_route=%2Fwp%2Fv2%2Fcomments&post=6563"}],"version-history":[{"count":1,"href":"https:\/\/partediario.com.ar\/index.php?rest_route=\/wp\/v2\/posts\/6563\/revisions"}],"predecessor-version":[{"id":6565,"href":"https:\/\/partediario.com.ar\/index.php?rest_route=\/wp\/v2\/posts\/6563\/revisions\/6565"}],"wp:featuredmedia":[{"embeddable":true,"href":"https:\/\/partediario.com.ar\/index.php?rest_route=\/wp\/v2\/media\/6564"}],"wp:attachment":[{"href":"https:\/\/partediario.com.ar\/index.php?rest_route=%2Fwp%2Fv2%2Fmedia&parent=6563"}],"wp:term":[{"taxonomy":"category","embeddable":true,"href":"https:\/\/partediario.com.ar\/index.php?rest_route=%2Fwp%2Fv2%2Fcategories&post=6563"},{"taxonomy":"post_tag","embeddable":true,"href":"https:\/\/partediario.com.ar\/index.php?rest_route=%2Fwp%2Fv2%2Ftags&post=6563"}],"curies":[{"name":"wp","href":"https:\/\/api.w.org\/{rel}","templated":true}]}}