{"id":6576,"date":"2024-08-27T12:46:44","date_gmt":"2024-08-27T15:46:44","guid":{"rendered":"https:\/\/partediario.com.ar\/?p=6576"},"modified":"2024-08-27T12:46:45","modified_gmt":"2024-08-27T15:46:45","slug":"victoria-villarruel-encabeza-un-homenaje-a-victimas-del-terrorismo","status":"publish","type":"post","link":"https:\/\/partediario.com.ar\/?p=6576","title":{"rendered":"Victoria Villarruel encabeza un homenaje a v\u00edctimas del terrorismo"},"content":{"rendered":"\n<h3 class=\"wp-block-heading\">Tras el esc\u00e1ndalo desatado a nivel nacional, por la visita de diputados libertarios encabezados por el entrerriano Beltr\u00e1n Benedit a genocidas, la vicepresidenta realizar\u00e1 un acto en el Senado.<\/h3>\n\n\n\n<p>La vicepresidenta Victoria Villarruel ser\u00e1 la figura principal de un homenaje que el Senado llevar\u00e1 a cabo este martes 27 de agosto, en conmemoraci\u00f3n de las v\u00edctimas del terrorismo. La particular actividad tendr\u00e1 lugar en un contexto particular en el Congreso de la Naci\u00f3n, escenario de fuertes discusiones por la visita de un grupo de diputados de La Libertad Avanza a represores condenados por delitos de lesa humanidad cometidos durante la \u00faltima dictadura militar en Argentina.<\/p>\n\n\n\n<p>De acuerdo a la agenda de la c\u00e1mara alta, el homenaje tiene como marco una efem\u00e9ride, el D\u00eda Internacional de la Conmemoraci\u00f3n a las V\u00edctimas del Terrorismo. Su inicio est\u00e1 previsto para las 17.30, en el Sal\u00f3n Azul del palacio legislativo. Desde la organizaci\u00f3n subrayaron que ser\u00e1 la primera vez que se lleve a cabo un acto con este sentido en la instituci\u00f3n.<\/p>\n\n\n\n<p>\u201cSer\u00e1 una actividad que permitir\u00e1 develar hechos que durante d\u00e9cadas una parte de la pol\u00edtica ha querido esconder y que nos ha dejado profundas heridas a los argentinos que todav\u00eda no sanan. Se podr\u00e1n ver y escuchar las consecuencias humanas de los atentados terroristas que se han perpetrado en la Argentina y en otros pa\u00edses\u201d, detall\u00f3 la comunicaci\u00f3n oficial del acto.<\/p>\n\n\n\n<p>La fecha que se conmemora es el 21 de agosto, seg\u00fan lo establecido por la Organizaci\u00f3n de Naciones Unidas desde 2017, a fin de \u201crecordar y honrar a las v\u00edctimas del terrorismo con el fin de promover sus derechos, libertades fundamentales y sensibilizar a la sociedad sobre sus necesidades\u201d. El homenaje del Senado se agend\u00f3 para este martes. \u201cSe pedir\u00e1 Justicia, Verdad y Reparaci\u00f3n para todas las V\u00edctimas del Terrorismo\u201d, destacaron.<\/p>\n\n\n\n<p>La vicepresidenta Victoria Villarruel, a su vez presidenta del Senado, es una figura pol\u00edtica que se ocup\u00f3 de se\u00f1alar que en el pa\u00eds hubo delitos cometidos por civiles que plantearon, en la d\u00e9cada del setenta, una revoluci\u00f3n por medio de las armas. Seg\u00fan esta reivindicaci\u00f3n, las personas muertas en el marco de esos cr\u00edmenes no recibieron justicia y tales delitos nunca tuvieron un reconocimiento hist\u00f3rico. La actividad en el Sal\u00f3n Azul reproducir\u00e1 esta posici\u00f3n.<\/p>\n\n\n\n<p>\u201cDurante 40 a\u00f1os las v\u00edctimas del terrorismo fueron barridas bajo la alfombra, se las neg\u00f3. Ningunas de estas v\u00edctimas tiene justicia, no pueden saber la verdad de lo que sufrieron, no pueden tener una reparaci\u00f3n, ni siquiera moral, de lo que sufrieron. Lo sufrieron de aquellos que quisieron imponer una tiran\u00eda de izquierda\u201d, manifest\u00f3 la vicepresidenta durante una de sus primeras actividades en el senado, el 4 de septiembre de 2023.<\/p>\n\n\n\n<p><strong>Visita a represores<\/strong><\/p>\n\n\n\n<p>El homenaje del participar\u00e1 Villarruel se har\u00e1 en medio de las fuertes pol\u00e9micas que atraviesa al oficialismo desde las \u00faltimas semanas, tras la visita de un grupo de diputados integrantes del bloque de La Libertad Avanza que organizaron un encuentro en el servicio penitenciario con un conjunto de detenidos, condenados por la Justicia por haber cometido delitos de lesa humanidad.<\/p>\n\n\n\n<p>Esa actividad gener\u00f3 una divisi\u00f3n interna en las filas del oficialismo, ya que varios diputados manifestaron su disconformidad con el acercamiento. Adem\u00e1s no hubo un fundamento unificado que hayan expuesto los legisladores que participaron del encuentro, explicando el motivo.<\/p>\n\n\n\n<p>La oposici\u00f3n, fundamentalmente el bloque kirchnerista, fue terminante al exigir que se realice un repudio a quienes organizaron y participaron de la reuni\u00f3n. Agregan, adem\u00e1s, que el objetivo final es plantear un supuesto proyecto de ley para acotar o disminuir las penas que pesan contra los condenados.<\/p>\n\n\n\n<p>En La Libertad Avanza niegan de manera categ\u00f3rica que una iniciativa de esas caracter\u00edsticas est\u00e9 en agenda. Sin embargo, en las \u00faltimas horas, la diputada libertaria, Lourdes Arrieta, se ocup\u00f3 de difundir una serie de chats y audios en los que expone c\u00f3mo fue la organizaci\u00f3n de la visita y all\u00ed involucra figuras principales del oficialismo, se\u00f1al\u00e1ndolas como responsables de la actividad, entre ellos Mart\u00edn Menem. Cabe se\u00f1alar que el hecho gener\u00f3 un revuelo de magnitud en el parlamento, en particular en el bloque oficialista, al punto de que la diputada Arrieta fue expulsada del bloque de LLA.<\/p>\n","protected":false},"excerpt":{"rendered":"<p>Tras el esc&aacute;ndalo desatado a nivel nacional, por la visita de diputados libertarios encabezados por el entrerriano Beltr&aacute;n Benedit a genocidas, la vicepresidenta realizar&aacute; un acto en el Senado. La vicepresidenta Victoria Villarruel ser&aacute; la figura principal de un homenaje que el Senado llevar&aacute; a cabo este martes 27 de agosto, en conmemoraci&oacute;n de las [&hellip;]<\/p>\n","protected":false},"author":2,"featured_media":6577,"comment_status":"open","ping_status":"open","sticky":false,"template":"","format":"standard","meta":{"footnotes":""},"categories":[5,176],"tags":[1915,1676,230,2845,2844,233],"class_list":["post-6576","post","type-post","status-publish","format-standard","has-post-thumbnail","hentry","category-nacionales","category-politica","tag-beltran-benedit","tag-homenaje","tag-senado","tag-terrorismo","tag-victimas","tag-victoria-villarruel"],"_links":{"self":[{"href":"https:\/\/partediario.com.ar\/index.php?rest_route=\/wp\/v2\/posts\/6576","targetHints":{"allow":["GET"]}}],"collection":[{"href":"https:\/\/partediario.com.ar\/index.php?rest_route=\/wp\/v2\/posts"}],"about":[{"href":"https:\/\/partediario.com.ar\/index.php?rest_route=\/wp\/v2\/types\/post"}],"author":[{"embeddable":true,"href":"https:\/\/partediario.com.ar\/index.php?rest_route=\/wp\/v2\/users\/2"}],"replies":[{"embeddable":true,"href":"https:\/\/partediario.com.ar\/index.php?rest_route=%2Fwp%2Fv2%2Fcomments&post=6576"}],"version-history":[{"count":1,"href":"https:\/\/partediario.com.ar\/index.php?rest_route=\/wp\/v2\/posts\/6576\/revisions"}],"predecessor-version":[{"id":6578,"href":"https:\/\/partediario.com.ar\/index.php?rest_route=\/wp\/v2\/posts\/6576\/revisions\/6578"}],"wp:featuredmedia":[{"embeddable":true,"href":"https:\/\/partediario.com.ar\/index.php?rest_route=\/wp\/v2\/media\/6577"}],"wp:attachment":[{"href":"https:\/\/partediario.com.ar\/index.php?rest_route=%2Fwp%2Fv2%2Fmedia&parent=6576"}],"wp:term":[{"taxonomy":"category","embeddable":true,"href":"https:\/\/partediario.com.ar\/index.php?rest_route=%2Fwp%2Fv2%2Fcategories&post=6576"},{"taxonomy":"post_tag","embeddable":true,"href":"https:\/\/partediario.com.ar\/index.php?rest_route=%2Fwp%2Fv2%2Ftags&post=6576"}],"curies":[{"name":"wp","href":"https:\/\/api.w.org\/{rel}","templated":true}]}}