{"id":6583,"date":"2024-08-27T19:26:34","date_gmt":"2024-08-27T22:26:34","guid":{"rendered":"https:\/\/partediario.com.ar\/?p=6583"},"modified":"2024-08-27T20:19:59","modified_gmt":"2024-08-27T23:19:59","slug":"conciliacion-entre-el-gobierno-de-la-provincia-y-los-gremios-docentes","status":"publish","type":"post","link":"https:\/\/partediario.com.ar\/?p=6583","title":{"rendered":"Conciliaci\u00f3n entre el gobierno de la provincia y los gremios docentes"},"content":{"rendered":"\n<h3 class=\"wp-block-heading\">Se llev\u00f3 adelante la audiencia establecida por la Justicia en el marco de la conciliaci\u00f3n obligatoria, dictada el jueves pasado, entre el gobierno provincial y los gremios docentes.<\/h3>\n\n\n\n<p>En la audiencia realizada este martes, el gobierno resalt\u00f3 la \u00abnecesidad imperiosa de garantizar el derecho a la educaci\u00f3n de los estudiantes entrerrianos y de continuar con el di\u00e1logo entre las partes\u00bb, indicaron.<\/p>\n\n\n\n<p>Por parte del gobierno participaron el secretario General del Consejo General de Educaci\u00f3n, Conrado Lamboglia, y los miembros paritarios, mientras que por el sector docente asistieron representantes de los gremios Agmer, AMET y Sadop.<\/p>\n\n\n\n<p>Lamboglia indic\u00f3 que se \u00abpresentaron una serie de puntos para fijar criterios generales sobre los que se basar\u00eda la oferta futura y que consta de tres puntos: compromiso de otorgar aumentos mes a mes durante el semestre en la b\u00fasqueda de que el salario no pierda poder adquisitivo; hacerlo con sumas remunerativas y cubrir inflaci\u00f3n por el semestre\u00bb.<\/p>\n\n\n\n<p>Cabe destacar que la conciliaci\u00f3n obligatoria fue dictada por la jueza del fuero Laboral, Mar\u00eda Alejandra Abud, el pasado 22 de agosto, a pedido del gobierno provincial, y ordena a las partes (CGE, Agmer, AMET y Sadop) la suspensi\u00f3n de todas las medidas de acci\u00f3n directa en relaci\u00f3n al conflicto durante un plazo de 20 d\u00edas h\u00e1biles.<\/p>\n\n\n\n<p><\/p>\n\n\n\n<figure class=\"wp-block-embed is-type-video is-provider-youtube wp-block-embed-youtube wp-embed-aspect-16-9 wp-has-aspect-ratio\"><div class=\"wp-block-embed__wrapper\">\n<iframe loading=\"lazy\" title=\"Conciliaci\u00f3n entre el gobierno y los gremios docentes\" width=\"640\" height=\"360\" src=\"https:\/\/www.youtube.com\/embed\/auER7OmJLa0?feature=oembed\" frameborder=\"0\" allow=\"accelerometer; autoplay; clipboard-write; encrypted-media; gyroscope; picture-in-picture; web-share\" referrerpolicy=\"strict-origin-when-cross-origin\" allowfullscreen><\/iframe>\n<\/div><\/figure>\n","protected":false},"excerpt":{"rendered":"<p>Se llev&oacute; adelante la audiencia establecida por la Justicia en el marco de la conciliaci&oacute;n obligatoria, dictada el jueves pasado, entre el gobierno provincial y los gremios docentes. En la audiencia realizada este martes, el gobierno resalt&oacute; la &laquo;necesidad imperiosa de garantizar el derecho a la educaci&oacute;n de los estudiantes entrerrianos y de continuar con [&hellip;]<\/p>\n","protected":false},"author":2,"featured_media":6584,"comment_status":"open","ping_status":"open","sticky":false,"template":"","format":"standard","meta":{"footnotes":""},"categories":[978,176,8],"tags":[],"class_list":["post-6583","post","type-post","status-publish","format-standard","has-post-thumbnail","hentry","category-gremiales","category-politica","category-provinciales"],"_links":{"self":[{"href":"https:\/\/partediario.com.ar\/index.php?rest_route=\/wp\/v2\/posts\/6583","targetHints":{"allow":["GET"]}}],"collection":[{"href":"https:\/\/partediario.com.ar\/index.php?rest_route=\/wp\/v2\/posts"}],"about":[{"href":"https:\/\/partediario.com.ar\/index.php?rest_route=\/wp\/v2\/types\/post"}],"author":[{"embeddable":true,"href":"https:\/\/partediario.com.ar\/index.php?rest_route=\/wp\/v2\/users\/2"}],"replies":[{"embeddable":true,"href":"https:\/\/partediario.com.ar\/index.php?rest_route=%2Fwp%2Fv2%2Fcomments&post=6583"}],"version-history":[{"count":1,"href":"https:\/\/partediario.com.ar\/index.php?rest_route=\/wp\/v2\/posts\/6583\/revisions"}],"predecessor-version":[{"id":6585,"href":"https:\/\/partediario.com.ar\/index.php?rest_route=\/wp\/v2\/posts\/6583\/revisions\/6585"}],"wp:featuredmedia":[{"embeddable":true,"href":"https:\/\/partediario.com.ar\/index.php?rest_route=\/wp\/v2\/media\/6584"}],"wp:attachment":[{"href":"https:\/\/partediario.com.ar\/index.php?rest_route=%2Fwp%2Fv2%2Fmedia&parent=6583"}],"wp:term":[{"taxonomy":"category","embeddable":true,"href":"https:\/\/partediario.com.ar\/index.php?rest_route=%2Fwp%2Fv2%2Fcategories&post=6583"},{"taxonomy":"post_tag","embeddable":true,"href":"https:\/\/partediario.com.ar\/index.php?rest_route=%2Fwp%2Fv2%2Ftags&post=6583"}],"curies":[{"name":"wp","href":"https:\/\/api.w.org\/{rel}","templated":true}]}}