{"id":6586,"date":"2024-08-27T19:44:27","date_gmt":"2024-08-27T22:44:27","guid":{"rendered":"https:\/\/partediario.com.ar\/?p=6586"},"modified":"2024-08-27T19:44:28","modified_gmt":"2024-08-27T22:44:28","slug":"la-municipalidad-de-parana-continua-el-plan-de-bacheo","status":"publish","type":"post","link":"https:\/\/partediario.com.ar\/?p=6586","title":{"rendered":"La Municipalidad de Paran\u00e1 contin\u00faa el plan de bacheo"},"content":{"rendered":"\n<h3 class=\"wp-block-heading\">La recomposici\u00f3n de la trama vial seguir\u00e1 esta semana en distintos sectores. Los trabajos se extender\u00e1n de 7.30 a 16. \u200bEn caso de lluvia ser\u00e1n reprogramados.<\/h3>\n\n\n\n<p>Como es habitual, los operativos ser\u00e1n realizados por personal municipal de la Secretar\u00eda de Servicios P\u00fablicos y se solicita a quienes circulen por esos sectores, hacerlo con precauci\u00f3n.<\/p>\n\n\n\n<p>Las inclemencias clim\u00e1ticas de la semana pasada obligaron a postergar las labores, es por eso que se retomar\u00e1n los trabajos teniendo en cuenta la planificaci\u00f3n enviada en su momento.<\/p>\n\n\n\n<p><strong>El cronograma para esta semana es el siguiente:<\/strong><\/p>\n\n\n\n<p>Lunes<\/p>\n\n\n\n<ul class=\"wp-block-list\">\n<li>Fresado en calle Provincias Unidas, en su intersecci\u00f3n con calle Garrig\u00f3, el trabajo se realizar\u00e1 en la mano que va de este a oeste. Habr\u00e1 reducci\u00f3n de calzada.<\/li>\n\n\n\n<li>Demolici\u00f3n del cord\u00f3n cuneta (pa\u00f1o de hormig\u00f3n) de Avenida Almafuerte y su intersecci\u00f3n con calle Divisi\u00f3n de Los Andes.<\/li>\n\n\n\n<li>Bacheo ambulante atendiendo a los reclamos al 147.<\/li>\n<\/ul>\n\n\n\n<p>Martes<\/p>\n\n\n\n<ul class=\"wp-block-list\">\n<li>Fresado en calle Pronunciamiento, desde Avenidas de las Am\u00e9ricas hasta Avenida Ej\u00e9rcito.<\/li>\n\n\n\n<li>Hormigonado de cord\u00f3n cuneta en Avenida Almafuerte y su intersecci\u00f3n con calle Divisi\u00f3n de Los Andes.<\/li>\n\n\n\n<li>Bacheo ambulante respondiendo a los llamados al 147.<\/li>\n<\/ul>\n\n\n\n<p>Mi\u00e9rcoles<\/p>\n\n\n\n<ul class=\"wp-block-list\">\n<li>Continuar\u00e1n las tareas de fresado en calle Pronunciamiento, desde Avenidas de las Am\u00e9ricas hasta Avenida Ej\u00e9rcito.\u200b<\/li>\n\n\n\n<li>Demolici\u00f3n de pa\u00f1os de hormig\u00f3n en la intersecci\u00f3n de Avenida Selva de Montiel y Segundo Sombra.<\/li>\n\n\n\n<li>Demolici\u00f3n de losas de hormig\u00f3n en calle Don Segundo Sombra, entre Selva de Montiel y Florencio S\u00e1nchez.<\/li>\n\n\n\n<li>Bacheo en la zona c\u00e9ntrica y ambulante con los reclamos al 147.<\/li>\n<\/ul>\n\n\n\n<p>Jueves<\/p>\n\n\n\n<ul class=\"wp-block-list\">\n<li>En la continuidad de las tareas, se realizar\u00e1 el bacheo de calle Provincias Unidas y Garrig\u00f3, de este a oeste. Habr\u00e1 reducci\u00f3n de calzada.<\/li>\n\n\n\n<li>Bacheo en calle Pronunciamiento, desde Avenida de las Am\u00e9ricas hasta Avenida Ej\u00e9rcito.<\/li>\n\n\n\n<li>Bacheo ambulante en el centro y respondiendo a los reclamos al 147.<\/li>\n\n\n\n<li>Hormigonado de losas en la intersecci\u00f3n de Avenida Selva de Montiel y Segundo Sombra.<\/li>\n<\/ul>\n\n\n\n<p>Viernes<\/p>\n\n\n\n<ul class=\"wp-block-list\">\n<li>Seguir\u00e1 el bacheo en calle Provincias Unidas y su intersecci\u00f3n con Garrig\u00f3, en la mano de este a oeste. Se informa que habr\u00e1 reducci\u00f3n de calzada.<\/li>\n\n\n\n<li>Proseguir\u00e1 el bacheo en calle Pronunciamiento, desde Avenida de las Am\u00e9ricas hasta Avenida Ej\u00e9rcito.<\/li>\n\n\n\n<li>Bacheo ambulante en los corredores y atendiendo los reclamos al 147.<\/li>\n\n\n\n<li>Hormigonado en calle Don Segundo Sombra, entre Selva de Montiel y Florencio S\u00e1nchez.<\/li>\n<\/ul>\n\n\n\n<figure class=\"wp-block-image size-full\"><img loading=\"lazy\" decoding=\"async\" width=\"760\" height=\"427\" src=\"https:\/\/partediario.com.ar\/wp-content\/uploads\/287f1f3344fc5a43763d072db25215ce.jpg\" alt=\"\" class=\"wp-image-6587\" srcset=\"https:\/\/partediario.com.ar\/wp-content\/uploads\/287f1f3344fc5a43763d072db25215ce.jpg 760w, https:\/\/partediario.com.ar\/wp-content\/uploads\/287f1f3344fc5a43763d072db25215ce-300x169.jpg 300w\" sizes=\"auto, (max-width: 760px) 100vw, 760px\" \/><\/figure>\n","protected":false},"excerpt":{"rendered":"<p>La recomposici&oacute;n de la trama vial seguir&aacute; esta semana en distintos sectores. Los trabajos se extender&aacute;n de 7.30 a 16. &#8203;En caso de lluvia ser&aacute;n reprogramados. Como es habitual, los operativos ser&aacute;n realizados por personal municipal de la Secretar&iacute;a de Servicios P&uacute;blicos y se solicita a quienes circulen por esos sectores, hacerlo con precauci&oacute;n. Las [&hellip;]<\/p>\n","protected":false},"author":2,"featured_media":6588,"comment_status":"open","ping_status":"open","sticky":false,"template":"","format":"standard","meta":{"footnotes":""},"categories":[6,726],"tags":[1655,210,265],"class_list":["post-6586","post","type-post","status-publish","format-standard","has-post-thumbnail","hentry","category-locales","category-sociedad","tag-bacheo","tag-municipalidad","tag-parana"],"_links":{"self":[{"href":"https:\/\/partediario.com.ar\/index.php?rest_route=\/wp\/v2\/posts\/6586","targetHints":{"allow":["GET"]}}],"collection":[{"href":"https:\/\/partediario.com.ar\/index.php?rest_route=\/wp\/v2\/posts"}],"about":[{"href":"https:\/\/partediario.com.ar\/index.php?rest_route=\/wp\/v2\/types\/post"}],"author":[{"embeddable":true,"href":"https:\/\/partediario.com.ar\/index.php?rest_route=\/wp\/v2\/users\/2"}],"replies":[{"embeddable":true,"href":"https:\/\/partediario.com.ar\/index.php?rest_route=%2Fwp%2Fv2%2Fcomments&post=6586"}],"version-history":[{"count":1,"href":"https:\/\/partediario.com.ar\/index.php?rest_route=\/wp\/v2\/posts\/6586\/revisions"}],"predecessor-version":[{"id":6589,"href":"https:\/\/partediario.com.ar\/index.php?rest_route=\/wp\/v2\/posts\/6586\/revisions\/6589"}],"wp:featuredmedia":[{"embeddable":true,"href":"https:\/\/partediario.com.ar\/index.php?rest_route=\/wp\/v2\/media\/6588"}],"wp:attachment":[{"href":"https:\/\/partediario.com.ar\/index.php?rest_route=%2Fwp%2Fv2%2Fmedia&parent=6586"}],"wp:term":[{"taxonomy":"category","embeddable":true,"href":"https:\/\/partediario.com.ar\/index.php?rest_route=%2Fwp%2Fv2%2Fcategories&post=6586"},{"taxonomy":"post_tag","embeddable":true,"href":"https:\/\/partediario.com.ar\/index.php?rest_route=%2Fwp%2Fv2%2Ftags&post=6586"}],"curies":[{"name":"wp","href":"https:\/\/api.w.org\/{rel}","templated":true}]}}