{"id":6602,"date":"2024-08-28T00:26:17","date_gmt":"2024-08-28T03:26:17","guid":{"rendered":"https:\/\/partediario.com.ar\/?p=6602"},"modified":"2024-09-16T13:55:53","modified_gmt":"2024-09-16T16:55:53","slug":"diamante-la-proxima-semana-comienza-a-regir-el-cambio-de-sentido-de-circulacion-vehicular-en-calles-colon-y-estrada","status":"publish","type":"post","link":"https:\/\/partediario.com.ar\/?p=6602","title":{"rendered":"Diamante: rige el cambio de sentido de circulaci\u00f3n vehicular en calles Col\u00f3n y Estrada"},"content":{"rendered":"\n<h3 class=\"wp-block-heading\">A partir del martes 27 de agosto las dos arterias ser\u00e1n mano \u00fanica. En Col\u00f3n se podr\u00e1 circular en sentido Este-Oeste; mientras que en Estrada ser\u00e1 de Oeste a Este. En ambas calles se deber\u00e1 estacionar sobre en la margen derecha.<\/h3>\n\n\n\n<p>La Municipalidad de Diamante informa que seg\u00fan lo establece la Ordenanza N\u00ba 1779\/24, desde el martes 27 de agosto se modifica el sentido de circulaci\u00f3n vehicular de calles Col\u00f3n y Estrada de nuestra ciudad.<\/p>\n\n\n\n<p>Desde esa fecha Col\u00f3n ser\u00e1 mano \u00fanica sentido Este-Oeste en toda su extensi\u00f3n, desde San Lorenzo hasta Sara Romero; y Estrada en sentido Oeste \u2013 Este, desde Echag\u00fce hasta su finalizaci\u00f3n.<\/p>\n\n\n\n<p>En relaci\u00f3n al estacionamiento, se recuerda que seg\u00fan la Ordenanza N\u00b0 1568\/20, en las calles con sentido de circulaci\u00f3n vehicular \u00fanico se debe estacionar a la derecha, por lo que en Col\u00f3n ser\u00e1 sobre la margen norte y en Estrada sobre la sur.<\/p>\n\n\n\n<p>Cabe se\u00f1alar que seg\u00fan dicta la norma, se lanz\u00f3 una campa\u00f1a de difusi\u00f3n y concientizaci\u00f3n sobre estas modificaciones; y en los pr\u00f3ximos d\u00edas se colocar\u00e1 la carteler\u00eda correspondiente.<\/p>\n","protected":false},"excerpt":{"rendered":"<p>A partir del martes 27 de agosto las dos arterias ser&aacute;n mano &uacute;nica. En Col&oacute;n se podr&aacute; circular en sentido Este-Oeste; mientras que en Estrada ser&aacute; de Oeste a Este. En ambas calles se deber&aacute; estacionar sobre en la margen derecha. La Municipalidad de Diamante informa que seg&uacute;n lo establece la Ordenanza N&ordm; 1779\/24, desde [&hellip;]<\/p>\n","protected":false},"author":2,"featured_media":6603,"comment_status":"open","ping_status":"open","sticky":false,"template":"","format":"standard","meta":{"footnotes":""},"categories":[6,3272,726],"tags":[1554,327,2854],"class_list":["post-6602","post","type-post","status-publish","format-standard","has-post-thumbnail","hentry","category-locales","category-municipales","category-sociedad","tag-colon","tag-diamante","tag-estrada"],"_links":{"self":[{"href":"https:\/\/partediario.com.ar\/index.php?rest_route=\/wp\/v2\/posts\/6602","targetHints":{"allow":["GET"]}}],"collection":[{"href":"https:\/\/partediario.com.ar\/index.php?rest_route=\/wp\/v2\/posts"}],"about":[{"href":"https:\/\/partediario.com.ar\/index.php?rest_route=\/wp\/v2\/types\/post"}],"author":[{"embeddable":true,"href":"https:\/\/partediario.com.ar\/index.php?rest_route=\/wp\/v2\/users\/2"}],"replies":[{"embeddable":true,"href":"https:\/\/partediario.com.ar\/index.php?rest_route=%2Fwp%2Fv2%2Fcomments&post=6602"}],"version-history":[{"count":2,"href":"https:\/\/partediario.com.ar\/index.php?rest_route=\/wp\/v2\/posts\/6602\/revisions"}],"predecessor-version":[{"id":6622,"href":"https:\/\/partediario.com.ar\/index.php?rest_route=\/wp\/v2\/posts\/6602\/revisions\/6622"}],"wp:featuredmedia":[{"embeddable":true,"href":"https:\/\/partediario.com.ar\/index.php?rest_route=\/wp\/v2\/media\/6603"}],"wp:attachment":[{"href":"https:\/\/partediario.com.ar\/index.php?rest_route=%2Fwp%2Fv2%2Fmedia&parent=6602"}],"wp:term":[{"taxonomy":"category","embeddable":true,"href":"https:\/\/partediario.com.ar\/index.php?rest_route=%2Fwp%2Fv2%2Fcategories&post=6602"},{"taxonomy":"post_tag","embeddable":true,"href":"https:\/\/partediario.com.ar\/index.php?rest_route=%2Fwp%2Fv2%2Ftags&post=6602"}],"curies":[{"name":"wp","href":"https:\/\/api.w.org\/{rel}","templated":true}]}}