{"id":6605,"date":"2024-08-28T10:46:04","date_gmt":"2024-08-28T13:46:04","guid":{"rendered":"https:\/\/partediario.com.ar\/?p=6605"},"modified":"2024-08-28T10:46:04","modified_gmt":"2024-08-28T13:46:04","slug":"tenemos-fuertes-convicciones-de-que-el-cancer-se-curo-expreso-jose-mujica","status":"publish","type":"post","link":"https:\/\/partediario.com.ar\/?p=6605","title":{"rendered":"\u00abTenemos fuertes convicciones de que el c\u00e1ncer se cur\u00f3\u00bb, expres\u00f3 Jos\u00e9 Mujica"},"content":{"rendered":"\n<h3 class=\"wp-block-heading\">Su medica, Raquel Pannone, indic\u00f3 que \u00abno hay evidencia del tumor\u00bb, despu\u00e9s que el expresidente estuviera internado en Casmu.<\/h3>\n\n\n\n<p>El expresidente Jos\u00e9 Mujica fue dado de alta luego de ser internado de urgencia en el Centro Asistencial del Sindicato M\u00e9dico del Uruguay (Casmu), mientras su m\u00e9dica Raquel Pannone asevero que tiene \u00abconvicciones de que el c\u00e1ncer se cur\u00f3\u00bb, tras evaluar los estudios de seguimiento al referente del MPP.<\/p>\n\n\n\n<p>\u00abLe hicimos varias veces tomograf\u00edas y muestra que no hay evidencia del tumor\u201d, explic\u00f3 Pannone sobre el avance del tratamiento oncol\u00f3gico que recibi\u00f3 el expresidente, que fue internado como consecuencia de un cuadro de deshidrataci\u00f3n.<\/p>\n\n\n\n<p>\u201cEst\u00e1 fr\u00e1gil, tiene casi 90 a\u00f1os, patolog\u00edas de base y esto hace que est\u00e9 m\u00e1s debilitado, pero si logramos que tome agua, se va a recuperar\u00bb, agreg\u00f3 la m\u00e9dica, quien precis\u00f3 que tiene una fibrosis debido a la radioterapia que hizo \u201cque empeorara la funci\u00f3n renal\u00bb.<\/p>\n\n\n\n<p>Sobre el estado actual del expresidente, la m\u00e9dica se\u00f1al\u00f3 que \u201ctiene la fibrosis que queda en el esf\u00f3fago por la radioterapia\u201d, a la cual compar\u00f3 con \u201cuna quemadura\u201d. \u201cTenemos que lograr que el tejido se recupere\u201d.<\/p>\n\n\n\n<p>Y agreg\u00f3 que que Mujica \u00abtiene poco caudal venoso, por la edad, por las patolog\u00edas y por cosas que le pasa a la gente en la vida\u201d, y reconoci\u00f3 que hay \u201cuna posibilidad en el horizonte\u00bb un tratamiento de di\u00e1lisis\u201d.<\/p>\n\n\n\n<p>Pannone sostuvo que el exmandatario \u201cno est\u00e1 en su mejor momento\u201d en cuanto al estado de \u00e1nimo y admiti\u00f3 que la situaci\u00f3n fue \u201cmuy desgastante\u201d tambi\u00e9n para su esposa, la exvicepresidenta Luc\u00eda Topolansky, lo que los llev\u00f3 a alejarse \u201cun poco\u201d de la actividad pol\u00edtica.<\/p>\n","protected":false},"excerpt":{"rendered":"<p>Su medica, Raquel Pannone, indic&oacute; que &laquo;no hay evidencia del tumor&raquo;, despu&eacute;s que el expresidente estuviera internado en Casmu. El expresidente Jos&eacute; Mujica fue dado de alta luego de ser internado de urgencia en el Centro Asistencial del Sindicato M&eacute;dico del Uruguay (Casmu), mientras su m&eacute;dica Raquel Pannone asevero que tiene &laquo;convicciones de que el [&hellip;]<\/p>\n","protected":false},"author":2,"featured_media":6606,"comment_status":"open","ping_status":"open","sticky":false,"template":"","format":"standard","meta":{"footnotes":""},"categories":[9],"tags":[2858,2857,2856,2859,2855],"class_list":["post-6605","post","type-post","status-publish","format-standard","has-post-thumbnail","hentry","category-internacionales","tag-casmu","tag-internado","tag-jose-mujica","tag-raquel-pannone","tag-tumor"],"_links":{"self":[{"href":"https:\/\/partediario.com.ar\/index.php?rest_route=\/wp\/v2\/posts\/6605","targetHints":{"allow":["GET"]}}],"collection":[{"href":"https:\/\/partediario.com.ar\/index.php?rest_route=\/wp\/v2\/posts"}],"about":[{"href":"https:\/\/partediario.com.ar\/index.php?rest_route=\/wp\/v2\/types\/post"}],"author":[{"embeddable":true,"href":"https:\/\/partediario.com.ar\/index.php?rest_route=\/wp\/v2\/users\/2"}],"replies":[{"embeddable":true,"href":"https:\/\/partediario.com.ar\/index.php?rest_route=%2Fwp%2Fv2%2Fcomments&post=6605"}],"version-history":[{"count":1,"href":"https:\/\/partediario.com.ar\/index.php?rest_route=\/wp\/v2\/posts\/6605\/revisions"}],"predecessor-version":[{"id":6607,"href":"https:\/\/partediario.com.ar\/index.php?rest_route=\/wp\/v2\/posts\/6605\/revisions\/6607"}],"wp:featuredmedia":[{"embeddable":true,"href":"https:\/\/partediario.com.ar\/index.php?rest_route=\/wp\/v2\/media\/6606"}],"wp:attachment":[{"href":"https:\/\/partediario.com.ar\/index.php?rest_route=%2Fwp%2Fv2%2Fmedia&parent=6605"}],"wp:term":[{"taxonomy":"category","embeddable":true,"href":"https:\/\/partediario.com.ar\/index.php?rest_route=%2Fwp%2Fv2%2Fcategories&post=6605"},{"taxonomy":"post_tag","embeddable":true,"href":"https:\/\/partediario.com.ar\/index.php?rest_route=%2Fwp%2Fv2%2Ftags&post=6605"}],"curies":[{"name":"wp","href":"https:\/\/api.w.org\/{rel}","templated":true}]}}