{"id":6626,"date":"2024-08-28T17:56:39","date_gmt":"2024-08-28T20:56:39","guid":{"rendered":"https:\/\/partediario.com.ar\/?p=6626"},"modified":"2024-08-28T18:38:54","modified_gmt":"2024-08-28T21:38:54","slug":"el-gobierno-de-santa-fe-presento-un-proyecto-de-reforma-previsional","status":"publish","type":"post","link":"https:\/\/partediario.com.ar\/?p=6626","title":{"rendered":"El gobierno de Santa Fe present\u00f3 un proyecto de reforma previsional"},"content":{"rendered":"\n<h3 class=\"wp-block-heading\">Con 56 art\u00edculos y 49 p\u00e1ginas, el proyecto de ley de reforma previsional del gobierno de Santa Fe ingres\u00f3 este mi\u00e9rcoles a la Legislatura con varios cambios en el sistema y la declaraci\u00f3n de una emergencia inmediata.<\/h3>\n\n\n\n<p>El mensaje 5115 tiene la rubrica del gobernador Maximiliano Pullaro y el ministro de Gobierno, Fabi\u00e1n Bast\u00eda. La iniciativa, seg\u00fan se presenta al inicio del texto, \u201cdeclara la emergencia y contiene la reforma del sistema jubilatorio de los empleados y funcionarios p\u00fablicos\u201d.<\/p>\n\n\n\n<p>El proyecto ingres\u00f3 de manera formal a las 13.10 de este 28 de agosto por el Senado.<\/p>\n\n\n\n<p>El primer art\u00edculo declara la emergencia previsional por dos a\u00f1os pero \u201cprorrogable por dos a\u00f1os m\u00e1s a instancia de Poder Ejecutivo\u201d, con lo que se puede estirar todo el mandato de Pullaro si \u201csubsisten las condiciones de falta de sustentabilidad\u201d..<\/p>\n\n\n\n<p>El articulado acumula una larga lista de cambios, que en general son recortes de haberes m\u00e1ximos, aumento de los porcentajes de aportes en forma progresiva y de los a\u00f1os para poder jubilarse, de forma progresiva.<\/p>\n\n\n\n<p>El punto 2 fija el \u201cAporte solidario\u201d y el 3 lo mismo para el \u201cpersonal en actividad\u201d. En t\u00e9rminos generales, la retracci\u00f3n sube de 2% a 6% seg\u00fan el tipo de ingresos y en el caso de los activos es para cargos directivos en el Estado.<\/p>\n\n\n\n<p>Adem\u00e1s se incrementa de forma paulatina el porcentaje de aporte: de 15,5% en el nivel 1 a una escala asciende y termina en 21%.<\/p>\n\n\n\n<p>La reforma introduce un nuevo mecanismo para el tope de haberes del equivalente a 20 jubilaciones m\u00ednimas y no 30 como es ahora. En lugar de unos 10 millones de pesos, ser\u00edan de 7 millones.<\/p>\n\n\n\n<p>Tambi\u00e9n se elimina la compensaci\u00f3n de a\u00f1os de servicio de m\u00e1s (si el empleado ingreso muy joven).<\/p>\n\n\n\n<p>En el caso de los docentes, se equipara la edad jubilatoria en 60 a\u00f1os para hombres y mujeres de forma progresiva (de a seis meses por a\u00f1o). Aunque los maestros frente al aula siguen con el beneficios de los 57, con 30 a\u00f1os de servicio.<\/p>\n","protected":false},"excerpt":{"rendered":"<p>Con 56 art&iacute;culos y 49 p&aacute;ginas, el proyecto de ley de reforma previsional del gobierno de Santa Fe ingres&oacute; este mi&eacute;rcoles a la Legislatura con varios cambios en el sistema y la declaraci&oacute;n de una emergencia inmediata. El mensaje 5115 tiene la rubrica del gobernador Maximiliano Pullaro y el ministro de Gobierno, Fabi&aacute;n Bast&iacute;a. La [&hellip;]<\/p>\n","protected":false},"author":2,"featured_media":6646,"comment_status":"open","ping_status":"open","sticky":false,"template":"","format":"standard","meta":{"footnotes":""},"categories":[5,176],"tags":[1107,2871,1777,1106],"class_list":["post-6626","post","type-post","status-publish","format-standard","has-post-thumbnail","hentry","category-nacionales","category-politica","tag-maximiliano-pullaro","tag-previsional","tag-reforma","tag-santa-fe-2"],"_links":{"self":[{"href":"https:\/\/partediario.com.ar\/index.php?rest_route=\/wp\/v2\/posts\/6626","targetHints":{"allow":["GET"]}}],"collection":[{"href":"https:\/\/partediario.com.ar\/index.php?rest_route=\/wp\/v2\/posts"}],"about":[{"href":"https:\/\/partediario.com.ar\/index.php?rest_route=\/wp\/v2\/types\/post"}],"author":[{"embeddable":true,"href":"https:\/\/partediario.com.ar\/index.php?rest_route=\/wp\/v2\/users\/2"}],"replies":[{"embeddable":true,"href":"https:\/\/partediario.com.ar\/index.php?rest_route=%2Fwp%2Fv2%2Fcomments&post=6626"}],"version-history":[{"count":1,"href":"https:\/\/partediario.com.ar\/index.php?rest_route=\/wp\/v2\/posts\/6626\/revisions"}],"predecessor-version":[{"id":6628,"href":"https:\/\/partediario.com.ar\/index.php?rest_route=\/wp\/v2\/posts\/6626\/revisions\/6628"}],"wp:featuredmedia":[{"embeddable":true,"href":"https:\/\/partediario.com.ar\/index.php?rest_route=\/wp\/v2\/media\/6646"}],"wp:attachment":[{"href":"https:\/\/partediario.com.ar\/index.php?rest_route=%2Fwp%2Fv2%2Fmedia&parent=6626"}],"wp:term":[{"taxonomy":"category","embeddable":true,"href":"https:\/\/partediario.com.ar\/index.php?rest_route=%2Fwp%2Fv2%2Fcategories&post=6626"},{"taxonomy":"post_tag","embeddable":true,"href":"https:\/\/partediario.com.ar\/index.php?rest_route=%2Fwp%2Fv2%2Ftags&post=6626"}],"curies":[{"name":"wp","href":"https:\/\/api.w.org\/{rel}","templated":true}]}}