{"id":6643,"date":"2024-08-28T18:29:02","date_gmt":"2024-08-28T21:29:02","guid":{"rendered":"https:\/\/partediario.com.ar\/?p=6643"},"modified":"2024-08-28T18:29:03","modified_gmt":"2024-08-28T21:29:03","slug":"chile-denuncio-supuesta-incursion-aerea-de-argentina-en-medio-de-cumbre-de-jefes-militares-de-la-region","status":"publish","type":"post","link":"https:\/\/partediario.com.ar\/?p=6643","title":{"rendered":"Chile denunci\u00f3 supuesta incursi\u00f3n a\u00e9rea de Argentina en medio de cumbre de jefes militares de la regi\u00f3n"},"content":{"rendered":"\n<h3 class=\"wp-block-heading\">Se registr\u00f3 tensi\u00f3n entre Argentina y Chile debido a una supuesta violaci\u00f3n del espacio a\u00e9reo chileno atribuida a un avi\u00f3n argentino.<\/h3>\n\n\n\n<p>Las alarmas pol\u00edticas y militares comenzaron a sonar cuando por la red X la ministra de Defensa chilena Maya Fern\u00e1ndez confirm\u00f3 la activaci\u00f3n de los protocolos de defensa a\u00e9rea, indicando que se trat\u00f3 de una alerta ante un tr\u00e1fico a\u00e9reo no identificado en la zona oriental del Estrecho de Magallanes, cerca de las 19 del martes 27 de agosto.<\/p>\n\n\n\n<p>La Fuerza A\u00e9rea de Chile (FACh) despleg\u00f3 cazas de combate F-5 Tiger desde la base a\u00e9rea de Chabunco en Punta Arenas, respondiendo a la incursi\u00f3n.<\/p>\n\n\n\n<p>La situaci\u00f3n del supuesto vuelo no identificado se di\u00f3 en medio de la recepci\u00f3n de bienvenida a jefes militares de Am\u00e9rica del Sur y Estados Unidos que se llevaba a cabo en el hotel Marriott en Santiago, Chile a prop\u00f3sito de la cumbre Southdec 24. La Conferencia Sudamericana de Defensa 24 (Southdec, su sigla en ingl\u00e9s) organizada y auspiciada por el Comando Sur del Ej\u00e9rcito de los Estados Unidos se realiza cada a\u00f1o desde 2009, esta vez el anfitri\u00f3n es el Estado Mayor Conjunto chileno a cargo del vicealmirante Pablo Niemman.<\/p>\n\n\n\n<p>En el \u00e1gape se encontraban los titulares de estado mayor conjunto de Argentina, Brasil, Colombia, Ecuador, Estados Unidos, Guyana, Paraguay, Per\u00fa, Surinam y Uruguay, adem\u00e1s de jefes de pa\u00edses observadores Canad\u00e1, Espa\u00f1a, Francia, Reino Unido, Portugal y analistas del Centro William J. Perry.<\/p>\n\n\n\n<p>La data lleg\u00f3 a o\u00eddos del brigadier general Xavier Isaac, jefe del Estado Mayor Conjunto por canales discretos. Y las repercusiones comenzaron a ambos lados de la cordillera tras un mensaje en X de la ministra de Defensa chilena Maya Fern\u00e1ndez.<\/p>\n","protected":false},"excerpt":{"rendered":"<p>Se registr&oacute; tensi&oacute;n entre Argentina y Chile debido a una supuesta violaci&oacute;n del espacio a&eacute;reo chileno atribuida a un avi&oacute;n argentino. Las alarmas pol&iacute;ticas y militares comenzaron a sonar cuando por la red X la ministra de Defensa chilena Maya Fern&aacute;ndez confirm&oacute; la activaci&oacute;n de los protocolos de defensa a&eacute;rea, indicando que se trat&oacute; de [&hellip;]<\/p>\n","protected":false},"author":2,"featured_media":6644,"comment_status":"open","ping_status":"open","sticky":false,"template":"","format":"standard","meta":{"footnotes":""},"categories":[9,5],"tags":[2878,411,567,812,2877,570],"class_list":["post-6643","post","type-post","status-publish","format-standard","has-post-thumbnail","hentry","category-internacionales","category-nacionales","tag-aerea","tag-argentina","tag-chile","tag-denuncia","tag-incursion","tag-maya-fernandez"],"_links":{"self":[{"href":"https:\/\/partediario.com.ar\/index.php?rest_route=\/wp\/v2\/posts\/6643","targetHints":{"allow":["GET"]}}],"collection":[{"href":"https:\/\/partediario.com.ar\/index.php?rest_route=\/wp\/v2\/posts"}],"about":[{"href":"https:\/\/partediario.com.ar\/index.php?rest_route=\/wp\/v2\/types\/post"}],"author":[{"embeddable":true,"href":"https:\/\/partediario.com.ar\/index.php?rest_route=\/wp\/v2\/users\/2"}],"replies":[{"embeddable":true,"href":"https:\/\/partediario.com.ar\/index.php?rest_route=%2Fwp%2Fv2%2Fcomments&post=6643"}],"version-history":[{"count":1,"href":"https:\/\/partediario.com.ar\/index.php?rest_route=\/wp\/v2\/posts\/6643\/revisions"}],"predecessor-version":[{"id":6645,"href":"https:\/\/partediario.com.ar\/index.php?rest_route=\/wp\/v2\/posts\/6643\/revisions\/6645"}],"wp:featuredmedia":[{"embeddable":true,"href":"https:\/\/partediario.com.ar\/index.php?rest_route=\/wp\/v2\/media\/6644"}],"wp:attachment":[{"href":"https:\/\/partediario.com.ar\/index.php?rest_route=%2Fwp%2Fv2%2Fmedia&parent=6643"}],"wp:term":[{"taxonomy":"category","embeddable":true,"href":"https:\/\/partediario.com.ar\/index.php?rest_route=%2Fwp%2Fv2%2Fcategories&post=6643"},{"taxonomy":"post_tag","embeddable":true,"href":"https:\/\/partediario.com.ar\/index.php?rest_route=%2Fwp%2Fv2%2Ftags&post=6643"}],"curies":[{"name":"wp","href":"https:\/\/api.w.org\/{rel}","templated":true}]}}