{"id":6654,"date":"2024-08-28T23:49:47","date_gmt":"2024-08-29T02:49:47","guid":{"rendered":"https:\/\/partediario.com.ar\/?p=6654"},"modified":"2024-08-28T23:49:55","modified_gmt":"2024-08-29T02:49:55","slug":"el-gobierno-analiza-soluciones-ante-la-crisis-por-la-bajante-del-rio-parana-en-victoria","status":"publish","type":"post","link":"https:\/\/partediario.com.ar\/?p=6654","title":{"rendered":"El gobierno analiza soluciones ante la crisis por la bajante del r\u00edo Paran\u00e1 en Victoria"},"content":{"rendered":"\n<h3 class=\"wp-block-heading\">El gobernador Rogelio Frigerio se reuni\u00f3 este mi\u00e9rcoles con la intendenta de Victoria, Isa Castagnino para analizar estrategias frente a la crisis h\u00eddrica que atraviesa la ciudad por la bajante del r\u00edo Paran\u00e1, preocupando principalmente el suministro de agua potable.<\/h3>\n\n\n\n<p>Tras la audiencia de la que particip\u00f3 tambi\u00e9n, el director General de Hidr\u00e1ulica y Obras Sanitarias de la provincia, Oscar Pintos, la intendenta Castagnino precis\u00f3 que la reuni\u00f3n fue de car\u00e1cter urgente \u00abpor lo que estamos viviendo en Victoria, dado que el r\u00edo tiene una altura de 1,40 metros, todos los d\u00edas va en bajante y estamos corriendo el riesgo de quedarnos sin el suministro de agua potable\u00bb.<\/p>\n\n\n\n<p>Agreg\u00f3 que sumado a eso, tambi\u00e9n preocupa \u00abla econom\u00eda local, en su mayor\u00eda familias de pescadores, por eso vinimos a solicitar la intervenci\u00f3n del gobierno provincial, y poder gestionar ante Naci\u00f3n las obras que son de pronta resoluci\u00f3n y tambi\u00e9n a largo plazo. Tenemos que estar m\u00e1s unidos que nunca, porque Victoria lo requiere y porque estamos en una situaci\u00f3n que es muy preocupante\u00bb.<\/p>\n\n\n\n<p>Precis\u00f3 que las obras necesarias \u00aba corto plazo y de car\u00e1cter de urgente, son poder utilizar sistemas de dragas m\u00e1s peque\u00f1as o con distintos tipos de maquinarias, y a largo plazo plantearlo en la hidrov\u00eda\u00bb.<\/p>\n\n\n\n<p>La intendenta destac\u00f3 que estos trabajos se realizan con la Direcci\u00f3n Hidr\u00e1ulica de la provincia en forma conjunta, \u00abse elevar\u00e1 el informe con el que estamos trabajando hace un mes, haciendo recorridos por r\u00edo y aire para ver los lugares m\u00e1s urgentes que hay que atacar y poder plantear en Naci\u00f3n la problem\u00e1tica. Necesitamos de maquinarias y financiamiento econ\u00f3mico para poder realizarla\u00bb. Precis\u00f3 que los lugares m\u00e1s urgentes donde hay que realizar intervenci\u00f3n son casi en el medio de las islas que son m\u00e1s de 400 mil hect\u00e1reas que est\u00e1n dentro del ejido de Victoria, que \u00abdebemos cuidarlas, preservarlas y garantizar el agua potable a los pobladores\u00bb.<\/p>\n\n\n\n<p>Del encuentro tambi\u00e9n participaron el senador provincial V\u00edctor Sanzberro y la diputada provincial del departamento Victoria, Laura Stratta, quien considera \u00abimportante que el gobernador est\u00e9 en tema, y que pueda hablar con sus funcionarios para que puedan facilitar todo lo que tiene que ver con las herramientas, las maquinarias y el financiamiento\u00bb. Asimismo reconoci\u00f3 que \u00aba nivel nacional hay acciones que tenemos que hacer con Vialidad Nacional. Y tambi\u00e9n con todo lo que es el pliego de la hidrov\u00eda para que sea tenida en cuenta la ciudad Victoria en el dragado que se necesita porque el impacto ambiental es grande, el impacto en las econom\u00edas regionales tambi\u00e9n, y en la captaci\u00f3n del agua potable para la ciudad\u00bb.<\/p>\n\n\n\n<p>Por \u00faltimo, el senador provincial V\u00edctor Sanzberro resumi\u00f3 el planteo en tres estadios. \u00abLo urgent\u00edsimo es garantizar que el agua fluya desde la reserva natural -la Laguna Grande- por nuestro riacho y nuestra toma de agua pueda contar con el suministro para poder bombear a nuestra planta potabilizadora. Lo urgente es evitar la sangr\u00eda de agua, obstruyendo el canal de servicio que se construy\u00f3 con motivo de la construcci\u00f3n del viaducto Victoria-Rosario. Y lo impostergable es que hace casi 30 a\u00f1os, a partir del dragado, el Paran\u00e1 corre cada vez m\u00e1s hondo, encajonado y m\u00e1s r\u00e1pido, y el agua no entra por las bocas naturales\u00bb, manifest\u00f3.<\/p>\n","protected":false},"excerpt":{"rendered":"<p>El gobernador Rogelio Frigerio se reuni&oacute; este mi&eacute;rcoles con la intendenta de Victoria, Isa Castagnino para analizar estrategias frente a la crisis h&iacute;drica que atraviesa la ciudad por la bajante del r&iacute;o Paran&aacute;, preocupando principalmente el suministro de agua potable. Tras la audiencia de la que particip&oacute; tambi&eacute;n, el director General de Hidr&aacute;ulica y Obras [&hellip;]<\/p>\n","protected":false},"author":2,"featured_media":6655,"comment_status":"open","ping_status":"open","sticky":false,"template":"","format":"standard","meta":{"footnotes":""},"categories":[176,8],"tags":[2881,1384,257,2882,2883,1520,245,379],"class_list":["post-6654","post","type-post","status-publish","format-standard","has-post-thumbnail","hentry","category-politica","category-provinciales","tag-bajante","tag-crisis","tag-entre-rios","tag-isa-castagnino","tag-oscar-pintos","tag-rio-parana","tag-rogelio-frigerio","tag-victoria"],"_links":{"self":[{"href":"https:\/\/partediario.com.ar\/index.php?rest_route=\/wp\/v2\/posts\/6654","targetHints":{"allow":["GET"]}}],"collection":[{"href":"https:\/\/partediario.com.ar\/index.php?rest_route=\/wp\/v2\/posts"}],"about":[{"href":"https:\/\/partediario.com.ar\/index.php?rest_route=\/wp\/v2\/types\/post"}],"author":[{"embeddable":true,"href":"https:\/\/partediario.com.ar\/index.php?rest_route=\/wp\/v2\/users\/2"}],"replies":[{"embeddable":true,"href":"https:\/\/partediario.com.ar\/index.php?rest_route=%2Fwp%2Fv2%2Fcomments&post=6654"}],"version-history":[{"count":1,"href":"https:\/\/partediario.com.ar\/index.php?rest_route=\/wp\/v2\/posts\/6654\/revisions"}],"predecessor-version":[{"id":6656,"href":"https:\/\/partediario.com.ar\/index.php?rest_route=\/wp\/v2\/posts\/6654\/revisions\/6656"}],"wp:featuredmedia":[{"embeddable":true,"href":"https:\/\/partediario.com.ar\/index.php?rest_route=\/wp\/v2\/media\/6655"}],"wp:attachment":[{"href":"https:\/\/partediario.com.ar\/index.php?rest_route=%2Fwp%2Fv2%2Fmedia&parent=6654"}],"wp:term":[{"taxonomy":"category","embeddable":true,"href":"https:\/\/partediario.com.ar\/index.php?rest_route=%2Fwp%2Fv2%2Fcategories&post=6654"},{"taxonomy":"post_tag","embeddable":true,"href":"https:\/\/partediario.com.ar\/index.php?rest_route=%2Fwp%2Fv2%2Ftags&post=6654"}],"curies":[{"name":"wp","href":"https:\/\/api.w.org\/{rel}","templated":true}]}}